{"id":363699,"date":"2025-09-03T16:56:15","date_gmt":"2025-09-03T16:56:15","guid":{"rendered":"https:\/\/www.europesays.com\/fr\/363699\/"},"modified":"2025-09-03T16:56:15","modified_gmt":"2025-09-03T16:56:15","slug":"colton-herta-rejoint-cadillac-en-formule-1","status":"publish","type":"post","link":"https:\/\/www.europesays.com\/fr\/363699\/","title":{"rendered":"Colton Herta rejoint Cadillac en Formule 1"},"content":{"rendered":"<p>Une semaine apr\u00e8s avoir officialis\u00e9 le choix de <a href=\"https:\/\/fr.motorsport.com\/driver\/valtteri-bottas\/88633\/\" target=\"_blank\" rel=\"noopener\">Valtteri Bottas<\/a> et <a href=\"https:\/\/fr.motorsport.com\/driver\/sergio-perez\/84892\/\" target=\"_blank\" rel=\"noopener\">Sergio P\u00e9rez<\/a> pour <a href=\"https:\/\/fr.motorsport.com\/f1\/news\/perez-bottas-pilotes-cadillac-2026-officiel\/10753513\/\" target=\"_self\" rel=\"noopener\">repr\u00e9senter ses couleurs en Formule 1 l&rsquo;ann\u00e9e prochaine<\/a>, Cadillac a d\u00e9voil\u00e9 le nom d&rsquo;un troisi\u00e8me homme. Longtemps pressenti pour \u00eatre titulaire, <a href=\"https:\/\/fr.motorsport.com\/driver\/colton-herta\/95860\/\" target=\"_blank\" rel=\"noopener\">Colton Herta<\/a> occupera le poste de pilote essayeur pour l&rsquo;\u00e9curie am\u00e9ricaine, dont l&rsquo;arriv\u00e9e comme 12e \u00e9curie sera effective en 2026.\u00a0<\/p>\n<p>\u00ab\u00a0Je suis incroyablement enthousiaste \u00e0 l&rsquo;id\u00e9e de rejoindre Cadillac F1 comme pilote d&rsquo;essais\u00a0\u00bb, se r\u00e9jouit le pilote de 25 ans, qui sort de plusieurs saisons en IndyCar.\u00a0\u00ab\u00a0C&rsquo;est une opportunit\u00e9 de r\u00eave, pour laquelle je travaille depuis longtemps. Faire partie de l&rsquo;arriv\u00e9e de Cadillac en F1 \u00e0 un moment aussi important \u00e9tait une occasion que je ne pouvais pas laisser passer.\u00a0\u00bb <\/p>\n<p>\u00ab\u00a0Mon r\u00eave a toujours \u00e9t\u00e9 de courir en Formule 1, et je vois ce choix comme un immense pas vers cet objectif. Pour le moment, je me concentre sur le fait de tout donner pour que Cadillac F1 puisse b\u00e2tir une \u00e9curie comp\u00e9titive.\u00a0\u00bb<\/p>\n<p>Colton Herta, qui a remport\u00e9 neuf courses durant sa carri\u00e8re en IndyCar, vient de terminer neuvi\u00e8me du championnat outre-Atlantique. Il devrait toutefois mettre de c\u00f4t\u00e9 la discipline, et les rumeurs d&rsquo;une arriv\u00e9e en Formule 2 s&rsquo;intensifient depuis quelque temps.\u00a0Cadillac a fait allusion au fait que \u00ab\u00a0la saison 2026 marquera le retour de Colton Herta en comp\u00e9tition automobile europ\u00e9enne\u00a0\u00bb, tout en pr\u00e9cisant que les annonces li\u00e9e \u00e0 son programme pour l&rsquo;an prochain seraient faites ult\u00e9rieurement.<\/p>\n<p>En 2023, Colton Herta \u00e9tait pass\u00e9 tout pr\u00e8s d&rsquo;un volant chez AlphaTauri, mais il n&rsquo;avait pas suffisamment de points sur sa Super Licence pour concr\u00e9tiser un accord avec Red Bull. La situation est identique aujourd&rsquo;hui et il lui faudrait glaner encore six points en 2026, sur les 40 n\u00e9cessaires pour avoir le droit de rouler en Formule 1. C&rsquo;est la raison pour laquelle il n&rsquo;h\u00e9rite pas de la fonction de pilote de r\u00e9serve, mais seulement d&rsquo;essayeur.<\/p>\n<p>En 2022, il avait r\u00e9alis\u00e9 un test avec McLaren sur le circuit de Portim\u00e3o, au volant de la MCL35M.<\/p>\n<p>   <img decoding=\"async\" draggable=\"false\" src=\"https:\/\/www.europesays.com\/fr\/wp-content\/uploads\/2025\/09\/colton-herta-mclaren-mcl35m-1.jpg\" alt=\"Colton Herta au volant de la McLaren MCL35M en 2022.\" width=\"1200\" height=\"800\" loading=\"lazy\"\/> <\/p>\n<p class=\"title\">Colton Herta au volant de la McLaren MCL35M en 2022.<\/p>\n<p class=\"photographer\">Photo de: McLaren<\/p>\n<p>\u00ab\u00a0Colton est un pilote exceptionnellement talentueux qui a fait preuve d&rsquo;une rapidit\u00e9, d&rsquo;un savoir-faire et d&rsquo;une maturit\u00e9 bien sup\u00e9rieurs \u00e0 son \u00e2ge\u00a0\u00bb, estime Graeme Lowdon, directeur de l&rsquo;\u00e9curie Cadillac F1. \u00ab\u00a0Son exp\u00e9rience dans le sport automobile am\u00e9ricain de haut niveau au sein de la famille TWG Motorsport fait de lui la personne id\u00e9ale pour ce poste. Il apportera \u00e0 notre \u00e9quipe des id\u00e9es, des perspectives et une \u00e9nergie nouvelles et pr\u00e9cieuses alors que nous continuons \u00e0 construire l&rsquo;avenir.\u00a0\u00bb<\/p>\n<p>\u00ab\u00a0L&rsquo;arriv\u00e9e d&rsquo;un pilote am\u00e9ricain dans une \u00e9curie am\u00e9ricaine de Formule 1 est un moment extr\u00eamement important, non seulement pour notre \u00e9quipe, mais aussi pour le sport automobile am\u00e9ricain dans son ensemble. Colton incarne la passion, l&rsquo;ambition et l&rsquo;esprit de comp\u00e9tition qui caract\u00e9risent l&rsquo;\u00e9curie Cadillac F1, et nous sommes fiers qu&rsquo;il porte le drapeau am\u00e9ricain avec nous sur la sc\u00e8ne mondiale.\u00a0\u00bb<\/p>\n<p>Lire aussi :<\/p>\n<p>Dans cet article<\/p>\n<p>Soyez le premier inform\u00e9 et souscrivez aux alertes mails pour recevoir les infos en temps r\u00e9el<\/p>\n<p>    S&rsquo;abonner aux alertes de news<\/p>\n","protected":false},"excerpt":{"rendered":"Une semaine apr\u00e8s avoir officialis\u00e9 le choix de Valtteri Bottas et Sergio P\u00e9rez pour repr\u00e9senter ses couleurs en&hellip;\n","protected":false},"author":2,"featured_media":363700,"comment_status":"","ping_status":"","sticky":false,"template":"","format":"standard","meta":{"footnotes":""},"categories":[1412],"tags":[13924,49849,49848,1451,1452,1453,1454,1455,1011,27,60],"class_list":{"0":"post-363699","1":"post","2":"type-post","3":"status-publish","4":"format-standard","5":"has-post-thumbnail","7":"category-f1","8":"tag-cadillac-racing","9":"tag-colton-herta","10":"tag-colton-herta-rejoint-cadillac-en-formule-1","11":"tag-f1","12":"tag-formula-1","13":"tag-formula1","14":"tag-formule-1","15":"tag-formule1","16":"tag-fr","17":"tag-france","18":"tag-sports"},"share_on_mastodon":{"url":"https:\/\/pubeurope.com\/@fr\/115141423172941455","error":""},"_links":{"self":[{"href":"https:\/\/www.europesays.com\/fr\/wp-json\/wp\/v2\/posts\/363699","targetHints":{"allow":["GET"]}}],"collection":[{"href":"https:\/\/www.europesays.com\/fr\/wp-json\/wp\/v2\/posts"}],"about":[{"href":"https:\/\/www.europesays.com\/fr\/wp-json\/wp\/v2\/types\/post"}],"author":[{"embeddable":true,"href":"https:\/\/www.europesays.com\/fr\/wp-json\/wp\/v2\/users\/2"}],"replies":[{"embeddable":true,"href":"https:\/\/www.europesays.com\/fr\/wp-json\/wp\/v2\/comments?post=363699"}],"version-history":[{"count":0,"href":"https:\/\/www.europesays.com\/fr\/wp-json\/wp\/v2\/posts\/363699\/revisions"}],"wp:featuredmedia":[{"embeddable":true,"href":"https:\/\/www.europesays.com\/fr\/wp-json\/wp\/v2\/media\/363700"}],"wp:attachment":[{"href":"https:\/\/www.europesays.com\/fr\/wp-json\/wp\/v2\/media?parent=363699"}],"wp:term":[{"taxonomy":"category","embeddable":true,"href":"https:\/\/www.europesays.com\/fr\/wp-json\/wp\/v2\/categories?post=363699"},{"taxonomy":"post_tag","embeddable":true,"href":"https:\/\/www.europesays.com\/fr\/wp-json\/wp\/v2\/tags?post=363699"}],"curies":[{"name":"wp","href":"https:\/\/api.w.org\/{rel}","templated":true}]}}