{"id":363703,"date":"2025-09-03T16:58:14","date_gmt":"2025-09-03T16:58:14","guid":{"rendered":"https:\/\/www.europesays.com\/fr\/363703\/"},"modified":"2025-09-03T16:58:14","modified_gmt":"2025-09-03T16:58:14","slug":"113me-les-sang-et-or-devancent-lol-las-monaco-et-losc","status":"publish","type":"post","link":"https:\/\/www.europesays.com\/fr\/363703\/","title":{"rendered":"113M\u20ac, les Sang et Or devancent l&rsquo;OL, l&rsquo;AS Monaco et LOSC !"},"content":{"rendered":"<p>\t\t\t\t\t Le RC Lens tr\u00f4ne au sommet europ\u00e9en. Selon l&rsquo;Observatoire du football CIES, le club art\u00e9sien affiche, en 2025, la balance ventes-achats la plus \u00e9lev\u00e9e d&rsquo;Europe avec +113,2 millions d&rsquo;euros. Une performance qui place le RCL devant l&rsquo;Olympique Lyonnais (108,3M\u20ac) et l&rsquo;AS Monaco (94,6M\u20ac) au classement europ\u00e9en. <\/p>\n<p>Cette prouesse s&rsquo;explique par une gestion rigoureuse des transferts : 178,8 millions d&rsquo;euros de ventes contre seulement 65,6 millions d&rsquo;euros investis dans le recrutement. Les Sang et Or occupent ainsi la 9e position mondiale au classement des clubs ayant le plus vendu cette ann\u00e9e. <\/p>\n<p>Le CIES r\u00e9v\u00e8le \u00e9galement l&rsquo;hyperactivit\u00e9 lensoise sur le march\u00e9 des transferts. Avec 30 op\u00e9rations payantes, Lens se classe 4e mondial pour le nombre total de transactions. Un chiffre qui t\u00e9moigne d&rsquo;un v\u00e9ritable \u00ab\u00a0reset\u00a0\u00bb de l&rsquo;effectif men\u00e9 par la nouvelle direction sportive men\u00e9e par <a class=\"liens\" href=\"https:\/\/www.footenfrance.fr\/RC-Lens-seulement-14-5M--Jean-Louis-Leca-a-fait-fort-_a1344.html\" rel=\"nofollow noopener\" target=\"_blank\">Jean-Louis Leca<\/a>. <\/p>\n<p>Le succ\u00e8s lensois s&rsquo;inscrit dans une dynamique hexagonale remarquable. Quatre clubs fran\u00e7ais occupent les quatre premi\u00e8res places du classement europ\u00e9en des plus-values : Lens, Lyon, Monaco et Lille (90,6M\u20ac). On notera \u00e9galement la pr\u00e9sence du Stade de Reims \u00e0 la 10e position avec 64,7 millions de b\u00e9n\u00e9fices. <\/p>\n<p>Cette domination fran\u00e7aise contraste avec les g\u00e9ants europ\u00e9ens, et notamment anglais : Manchester City, Arsenal et Liverpool affichent chacun un solde n\u00e9gatif sup\u00e9rieur \u00e0 200M\u20ac. Un reflet des strat\u00e9gies diam\u00e9tralement oppos\u00e9es entre formations fran\u00e7aises contraintes \u00e0 l&rsquo;\u00e9quilibre financier et mastodontes anglais dans une logique d&rsquo;investissement massif gr\u00e2ce \u00e0 l&rsquo;\u00e9norme manne des droits TV.\n\t\t\t\t <\/p>\n","protected":false},"excerpt":{"rendered":"Le RC Lens tr\u00f4ne au sommet europ\u00e9en. Selon l&rsquo;Observatoire du football CIES, le club art\u00e9sien affiche, en 2025,&hellip;\n","protected":false},"author":2,"featured_media":363704,"comment_status":"","ping_status":"","sticky":false,"template":"","format":"standard","meta":{"footnotes":""},"categories":[1410],"tags":[63,1011,27,60],"class_list":{"0":"post-363703","1":"post","2":"type-post","3":"status-publish","4":"format-standard","5":"has-post-thumbnail","7":"category-football","8":"tag-football","9":"tag-fr","10":"tag-france","11":"tag-sports"},"share_on_mastodon":{"url":"https:\/\/pubeurope.com\/@fr\/115141430935536186","error":""},"_links":{"self":[{"href":"https:\/\/www.europesays.com\/fr\/wp-json\/wp\/v2\/posts\/363703","targetHints":{"allow":["GET"]}}],"collection":[{"href":"https:\/\/www.europesays.com\/fr\/wp-json\/wp\/v2\/posts"}],"about":[{"href":"https:\/\/www.europesays.com\/fr\/wp-json\/wp\/v2\/types\/post"}],"author":[{"embeddable":true,"href":"https:\/\/www.europesays.com\/fr\/wp-json\/wp\/v2\/users\/2"}],"replies":[{"embeddable":true,"href":"https:\/\/www.europesays.com\/fr\/wp-json\/wp\/v2\/comments?post=363703"}],"version-history":[{"count":0,"href":"https:\/\/www.europesays.com\/fr\/wp-json\/wp\/v2\/posts\/363703\/revisions"}],"wp:featuredmedia":[{"embeddable":true,"href":"https:\/\/www.europesays.com\/fr\/wp-json\/wp\/v2\/media\/363704"}],"wp:attachment":[{"href":"https:\/\/www.europesays.com\/fr\/wp-json\/wp\/v2\/media?parent=363703"}],"wp:term":[{"taxonomy":"category","embeddable":true,"href":"https:\/\/www.europesays.com\/fr\/wp-json\/wp\/v2\/categories?post=363703"},{"taxonomy":"post_tag","embeddable":true,"href":"https:\/\/www.europesays.com\/fr\/wp-json\/wp\/v2\/tags?post=363703"}],"curies":[{"name":"wp","href":"https:\/\/api.w.org\/{rel}","templated":true}]}}