{"id":363705,"date":"2025-09-03T16:59:11","date_gmt":"2025-09-03T16:59:11","guid":{"rendered":"https:\/\/www.europesays.com\/fr\/363705\/"},"modified":"2025-09-03T16:59:11","modified_gmt":"2025-09-03T16:59:11","slug":"donald-trump-a-deux-doigts-denterrer-la-carriere-de-maitre-gims-je-vous-annonce-que","status":"publish","type":"post","link":"https:\/\/www.europesays.com\/fr\/363705\/","title":{"rendered":"Donald Trump \u00e0 deux doigts d&rsquo;enterrer la carri\u00e8re de Ma\u00eetre Gims : \u00ab\u00a0Je vous annonce que\u2026\u00a0\u00bb"},"content":{"rendered":"<p>Par <a class=\"author_recette\" id=\"author_name\" href=\"https:\/\/www.nextplz.fr\/auteur\/laura-angelo\" rel=\"nofollow noopener\" target=\"_blank\">Laura<br \/>\nD\u2019Angelo<\/a> &#8211;<br \/>\nPubli\u00e9 le 03 Sep 2025 \u00e0<br \/>\n14:30<\/p>\n<p class=\"article-intro excerpt\">Alors qu\u2019une folle rumeur entre<br \/>\nune collaboration avec Lara Trump et Ma\u00eetre Gims enflammait la<br \/>\nToile, le pr\u00e9sident a pris la parole.<\/p>\n<p>Le pr\u00e9sident am\u00e9ricain Donald Trump s\u2019est exprim\u00e9 ce mardi 2<br \/>\nseptembre 2025 suite \u00e0 sa rencontre avec Vladimir Poutine en<br \/>\nAlaska. L\u2019entretien, tr\u00e8s attendu, n\u2019a abouti \u00e0 aucun progr\u00e8s<br \/>\nconcret sur la guerre en Ukraine. Devant ce constat d\u2019\u00e9chec, le<br \/>\npr\u00e9sident n\u2019a pas cach\u00e9 sa frustration.<\/p>\n<p>Donald<br \/>\nTrump s&#8217;emporte<\/p>\n<p>Et il ne m\u00e2che pas ses mots : \u00ab\u00a0Nous avions une super<br \/>\nrelation. Je suis tr\u00e8s d\u00e9\u00e7u par le pr\u00e9sident Poutine. (\u2026) Des<br \/>\nmilliers de personnes meurent, c\u2019est une guerre qui n\u2019a aucun<br \/>\nsens\u00a0\u00bb. Si Donald Trump est bien connu pour ses folles<br \/>\nd\u00e9clarations, il n&rsquo;\u00e9tait cependant pas pr\u00eat \u00e0 lire dans la presse<br \/>\nfran\u00e7aise que sa belle-fille Lara, allait faire un duo avec un<br \/>\nrappeur fran\u00e7ais : Gims. Une rumeur rapidement d\u00e9mentie par<br \/>\nl\u2019artiste lui-m\u00eame. Maitre Gims a tenu \u00e0 clarifier qu\u2019aucun projet<br \/>\ncommun n\u2019\u00e9tait pr\u00e9vu avec la famille Trump. Pourtant, cette simple<br \/>\nhypoth\u00e8se avait suffi \u00e0 enflammer les r\u00e9seaux sociaux, o\u00f9 les<br \/>\ninternautes s\u2019\u00e9taient d\u00e9j\u00e0 projet\u00e9s sur une rencontre improbable<br \/>\nentre le rappeur fran\u00e7ais et le clan r\u00e9publicain.<\/p>\n<p>Ma\u00eetre Gims fait<br \/>\nune annonce totalement folle<\/p>\n<p>Quelques ann\u00e9es plus tard, il faisait aussi une confidence<br \/>\ntotalement hallucinante. Dans un post Instagram, Ma\u00eetre Gims a<br \/>\nannonc\u00e9 la fin de sa carri\u00e8re suite \u00e0 l\u2019\u00e9lection de <a href=\"https:\/\/www.nextplz.fr\/people\/504609-emmanuel-macron-ses-habitudes-sexuelles-coquines-avec-son-suppose-amant-revelees-par-donald-trump\" rel=\"nofollow noopener\" target=\"_blank\"><br \/>\nl&rsquo;homologue d&rsquo;Emmanuel Macron<\/a> \u00e0 la pr\u00e9sidence am\u00e9ricaine.<br \/>\n\u00ab\u00a0Je vous annonce que j&rsquo;arr\u00eate officiellement <strong>LA<br \/>\nmusique\u2026<\/strong> MERCI pour tout\u00a0\u00bb, \u00e9crivait-il, accompagnant<br \/>\nson message de hashtags pour le moins \u00e9tonnants : #deception #trump<br \/>\n#findumonde #debutdelafin #boblepongepresident. L\u2019annonce a<br \/>\nimm\u00e9diatement provoqu\u00e9 une vague de r\u00e9actions, entre inqui\u00e9tude des<br \/>\nfans et ironie des observateurs. Mais l\u2019artiste a rapidement calm\u00e9<br \/>\nle jeu dans l\u2019apr\u00e8s-midi, r\u00e9v\u00e9lant qu\u2019il s\u2019agissait d\u2019une<br \/>\nplaisanterie : \u00ab\u00a0Apr\u00e8s le poisson d&rsquo;avril, je vous pr\u00e9sente<br \/>\n&lsquo;l&rsquo;\u00e9cureuil de novembre'\u00a0\u00bb, a-t-il reconnu dans une nouvelle<br \/>\npublication, toujours sur Instagram.<\/p>\n<p>\u00ab\u00a0Ce n&rsquo;est pas non plus<br \/>\npour faire du buzz\u00a0\u00bb<\/p>\n<p>En r\u00e9alit\u00e9, il faisait ici r\u00e9f\u00e9rence \u00e0 la premi\u00e8re \u00e9lection de<br \/>\nDonald Trump. Contact\u00e9e par 20 Minutes, Rajaa Moussadik, charg\u00e9e de<br \/>\nprojet chez Wati B, a confirm\u00e9 la nature humoristique de cette<br \/>\nannonce : \u00ab\u00a0C&rsquo;\u00e9tait de l&rsquo;humour. Ce n&rsquo;est pas non plus pour<br \/>\nfaire du buzz.\u00a0\u00bb Pourtant, cette petite mise en sc\u00e8ne a<br \/>\nfinalement servi les int\u00e9r\u00eats du rappeur. Car derri\u00e8re la blague,<br \/>\n<a href=\"https:\/\/www.nextplz.fr\/musique\/225243-booba-gims-et-demdem-de-nouveau-dans-sa-ligne-de-mire\" rel=\"nofollow noopener\" target=\"_blank\"><br \/>\nl&rsquo;ennemi de Booba<\/a> en avait profit\u00e9 pour d\u00e9voiler une vraie<br \/>\ninformation : la sortie de ses prochains albums. Mais une chose est<br \/>\ns\u00fbre, le chanteur, qui a apparemment beaucoup d&rsquo;humour, ne<br \/>\ncollaborera pas de sit\u00f4t avec un membre de la famille Trump. Ni<br \/>\nDonald, ni Lara !<\/p>\n","protected":false},"excerpt":{"rendered":"Par Laura D\u2019Angelo &#8211; Publi\u00e9 le 03 Sep 2025 \u00e0 14:30 Alors qu\u2019une folle rumeur entre une collaboration&hellip;\n","protected":false},"author":2,"featured_media":363706,"comment_status":"","ping_status":"","sticky":false,"template":"","format":"standard","meta":{"footnotes":""},"categories":[1359],"tags":[58,59,1011,27,973],"class_list":{"0":"post-363705","1":"post","2":"type-post","3":"status-publish","4":"format-standard","5":"has-post-thumbnail","7":"category-people","8":"tag-divertissement","9":"tag-entertainment","10":"tag-fr","11":"tag-france","12":"tag-people"},"share_on_mastodon":{"url":"https:\/\/pubeurope.com\/@fr\/115141434721895576","error":""},"_links":{"self":[{"href":"https:\/\/www.europesays.com\/fr\/wp-json\/wp\/v2\/posts\/363705","targetHints":{"allow":["GET"]}}],"collection":[{"href":"https:\/\/www.europesays.com\/fr\/wp-json\/wp\/v2\/posts"}],"about":[{"href":"https:\/\/www.europesays.com\/fr\/wp-json\/wp\/v2\/types\/post"}],"author":[{"embeddable":true,"href":"https:\/\/www.europesays.com\/fr\/wp-json\/wp\/v2\/users\/2"}],"replies":[{"embeddable":true,"href":"https:\/\/www.europesays.com\/fr\/wp-json\/wp\/v2\/comments?post=363705"}],"version-history":[{"count":0,"href":"https:\/\/www.europesays.com\/fr\/wp-json\/wp\/v2\/posts\/363705\/revisions"}],"wp:featuredmedia":[{"embeddable":true,"href":"https:\/\/www.europesays.com\/fr\/wp-json\/wp\/v2\/media\/363706"}],"wp:attachment":[{"href":"https:\/\/www.europesays.com\/fr\/wp-json\/wp\/v2\/media?parent=363705"}],"wp:term":[{"taxonomy":"category","embeddable":true,"href":"https:\/\/www.europesays.com\/fr\/wp-json\/wp\/v2\/categories?post=363705"},{"taxonomy":"post_tag","embeddable":true,"href":"https:\/\/www.europesays.com\/fr\/wp-json\/wp\/v2\/tags?post=363705"}],"curies":[{"name":"wp","href":"https:\/\/api.w.org\/{rel}","templated":true}]}}