{"id":363709,"date":"2025-09-03T17:01:10","date_gmt":"2025-09-03T17:01:10","guid":{"rendered":"https:\/\/www.europesays.com\/fr\/363709\/"},"modified":"2025-09-03T17:01:10","modified_gmt":"2025-09-03T17:01:10","slug":"coup-denvoi-de-la-38eme-edition-du-prix-goncourt-des-lyceens","status":"publish","type":"post","link":"https:\/\/www.europesays.com\/fr\/363709\/","title":{"rendered":"Coup d\u2019envoi de la 38\u00e8me \u00e9dition du Prix Goncourt des Lyc\u00e9ens"},"content":{"rendered":"<p>Le Prix Goncourt des Lyc\u00e9ens permet chaque ann\u00e9e \u00e0 pr\u00e8s de 2 000 lyc\u00e9ens d\u2019\u00e9lire leur laur\u00e9at, parmi les X auteurs s\u00e9lectionn\u00e9s par l\u2019Acad\u00e9mie. Cr\u00e9\u00e9 et organis\u00e9 par la Fnac et par le minist\u00e8re de l\u2019\u00c9ducation nationale, de l\u2019Enseignement sup\u00e9rieur et de la Recherche, sous le haut patronage de l\u2019Acad\u00e9mie Goncourt, ce prix ambitionne de d\u00e9velopper le go\u00fbt de la lecture aupr\u00e8s des jeunes.<\/p>\n<p><strong>14 romans s\u00e9lectionn\u00e9s* pour le Prix Goncourt des Lyc\u00e9ens 2025<\/strong><\/p>\n<ul>\n<li>Nathacha Appanah, La nuit au c\u0153ur, <strong>Gallimard<\/strong><\/li>\n<li>Emmanuel Carr\u00e8re, Kolkhoze, <strong>P.O.L<\/strong><\/li>\n<li>David Deneufgermain, L\u2019Adieu au visage, <strong>Marchialy<\/strong><\/li>\n<li>Ghislaine Dunant, Un amour infini, <strong>Albin Michel<\/strong><\/li>\n<li>Paul Gasnier, La collision, <strong>Gallimard<\/strong><\/li>\n<li>Yanick Lahens, Passag\u00e8res de nuit, <strong>Sabine Wespieser<\/strong><\/li>\n<li>Caroline Lamarche, Le Bel Obscur, <strong>Seuil<\/strong><\/li>\n<li>H\u00e9l\u00e8ne Laurain, Tambora, <strong>Verdier<\/strong><\/li>\n<li>Charif Majdalani, Le nom des rois, <strong>Stock<\/strong><\/li>\n<li>Laurent Mauvignier, La Maison vide, <strong>Minuit<\/strong><\/li>\n<li>Alfred de Montesquiou, Le cr\u00e9puscule des hommes, <strong>Robert Laffont<\/strong><\/li>\n<li>Guillaume Poix, Perp\u00e9tuit\u00e9, <strong>Verticales<\/strong><\/li>\n<li>Maria Pourchet, Tressaillir, <strong>Stock<\/strong><\/li>\n<li>David Thomas, Un fr\u00e8re, <strong>L\u2019Olivier<\/strong><\/li>\n<\/ul>\n<p><strong>Fonctionnement du Prix Goncourt des Lyc\u00e9ens<\/strong><\/p>\n<p>De septembre \u00e0 novembre 2025, les \u00e9l\u00e8ves de la seconde \u00e0 la terminale de 57 lyc\u00e9es de fili\u00e8res g\u00e9n\u00e9rales, technologiques ou professionnelles, vont lire et \u00e9tudier les ouvrages. Ils auront \u00e9galement la chance d\u2019\u00e9changer avec les auteurs en lice, lors de rencontres organis\u00e9es par la Fnac dans 7 villes fran\u00e7aises.<\/p>\n<p>Ces lectures et discussions permettront aux lyc\u00e9ens de choisir les finalistes r\u00e9gionaux lors des d\u00e9lib\u00e9rations r\u00e9gionales, le 24 novembre. Puis, \u00e0 l\u2019issue des d\u00e9lib\u00e9rations nationales le 27 novembre, le laur\u00e9at 2025 sera enfin d\u00e9voil\u00e9 le jour m\u00eame, succ\u00e9dant ainsi \u00e0 Sandrine Collette, qui avait remport\u00e9 <a href=\"https:\/\/www.fnacdarty.com\/sandrine-collette-est-laureate-2024-du-prix-goncourt-des-lyceens-pour-madelaine-avant-laube\/\" target=\"_blank\" rel=\"noreferrer noopener nofollow\">le Prix Goncourt des Lyc\u00e9ens 2024<\/a>, pour Madelaine avant l\u2019aube (\u00e9ditions JC Latt\u00e8s).<\/p>\n<p>*Le Prix Goncourt des Lyc\u00e9ens ne peut d\u00e9signer deux fois le m\u00eame laur\u00e9at. David Diop, ayant d\u00e9j\u00e0 remport\u00e9 le Prix Goncourt des Lyc\u00e9ens en 2018, ne figure donc pas dans la liste.<\/p>\n","protected":false},"excerpt":{"rendered":"Le Prix Goncourt des Lyc\u00e9ens permet chaque ann\u00e9e \u00e0 pr\u00e8s de 2 000 lyc\u00e9ens d\u2019\u00e9lire leur laur\u00e9at, parmi&hellip;\n","protected":false},"author":2,"featured_media":363710,"comment_status":"","ping_status":"","sticky":false,"template":"","format":"standard","meta":{"footnotes":""},"categories":[1357],"tags":[1379,58,59,1011,27,1380],"class_list":{"0":"post-363709","1":"post","2":"type-post","3":"status-publish","4":"format-standard","5":"has-post-thumbnail","7":"category-livres","8":"tag-books","9":"tag-divertissement","10":"tag-entertainment","11":"tag-fr","12":"tag-france","13":"tag-livres"},"share_on_mastodon":{"url":"https:\/\/pubeurope.com\/@fr\/115141442556634362","error":""},"_links":{"self":[{"href":"https:\/\/www.europesays.com\/fr\/wp-json\/wp\/v2\/posts\/363709","targetHints":{"allow":["GET"]}}],"collection":[{"href":"https:\/\/www.europesays.com\/fr\/wp-json\/wp\/v2\/posts"}],"about":[{"href":"https:\/\/www.europesays.com\/fr\/wp-json\/wp\/v2\/types\/post"}],"author":[{"embeddable":true,"href":"https:\/\/www.europesays.com\/fr\/wp-json\/wp\/v2\/users\/2"}],"replies":[{"embeddable":true,"href":"https:\/\/www.europesays.com\/fr\/wp-json\/wp\/v2\/comments?post=363709"}],"version-history":[{"count":0,"href":"https:\/\/www.europesays.com\/fr\/wp-json\/wp\/v2\/posts\/363709\/revisions"}],"wp:featuredmedia":[{"embeddable":true,"href":"https:\/\/www.europesays.com\/fr\/wp-json\/wp\/v2\/media\/363710"}],"wp:attachment":[{"href":"https:\/\/www.europesays.com\/fr\/wp-json\/wp\/v2\/media?parent=363709"}],"wp:term":[{"taxonomy":"category","embeddable":true,"href":"https:\/\/www.europesays.com\/fr\/wp-json\/wp\/v2\/categories?post=363709"},{"taxonomy":"post_tag","embeddable":true,"href":"https:\/\/www.europesays.com\/fr\/wp-json\/wp\/v2\/tags?post=363709"}],"curies":[{"name":"wp","href":"https:\/\/api.w.org\/{rel}","templated":true}]}}