{"id":36371,"date":"2025-04-19T11:27:09","date_gmt":"2025-04-19T11:27:09","guid":{"rendered":"https:\/\/www.europesays.com\/fr\/36371\/"},"modified":"2025-04-19T11:27:09","modified_gmt":"2025-04-19T11:27:09","slug":"de-lukraine-a-la-rdc-en-passant-par-le-groenland-comment-les-minerais-strategiques-ont-change-la-donne-geopolitique","status":"publish","type":"post","link":"https:\/\/www.europesays.com\/fr\/36371\/","title":{"rendered":"De l\u2019Ukraine \u00e0 la RDC en passant par le Groenland\u00a0: comment les minerais strat\u00e9giques ont chang\u00e9 la donne g\u00e9opolitique"},"content":{"rendered":"<p>La citation date de 1992, mais, trente-trois ans apr\u00e8s, elle semble plus actuelle que jamais. \u00ab\u00a0Le Moyen-Orient a son p\u00e9trole, la Chine a ses terres rares\u00a0\u00bb, se r\u00e9jouissait l\u2019ancien dirigeant chinois Deng Xiaoping. \u00ab\u00a0Terres rares\u00a0\u00bb\u00a0: il faut pr\u00e9ciser que le nom est impropre, car elles ne sont pas rares, pr\u00e9cis\u00e9ment. \u00ab\u00a0Cette d\u00e9nomination s\u2019explique, car elles sont pr\u00e9sentes partout sur Terre mais sont diss\u00e9min\u00e9es en tr\u00e8s faible quantit\u00e9, \u00e0 l\u2019inverse de certains m\u00e9taux\u00a0\u00bb, explique la chercheuse \u00c9milie Janots dans un article du CNRS. L\u2019extraction et le raffinage n\u00e9cessitent donc un processus tr\u00e8s co\u00fbteux en eau et en \u00e9nergie, et extr\u00eamement polluant.<\/p>\n<p>Surtout, on confond souvent les terres rares, au nombre de 17 \u00e9l\u00e9ments du tableau p\u00e9riodique, avec les mati\u00e8res premi\u00e8res strat\u00e9giques. Ces derni\u00e8res englobent l\u2019ensemble des <a href=\"https:\/\/www.humanite.fr\/en-debat\/metaux-rares\/de-la-voiture-electrique-a-la-guerre-des-metaux-rares\" rel=\"nofollow noopener\" target=\"_blank\">\u00e9l\u00e9ments cruciaux (y compris les terres rares, donc) pour la transition \u00e9nerg\u00e9tique<\/a> et les secteurs du num\u00e9rique, des \u00e9nergies \u00e9olienne et solaire, du m\u00e9dical et de l\u2019armement. Le cobalt, le lithium, le nickel ou le mangan\u00e8se, par exemple, ne sont pas des terres rares, mais des m\u00e9taux strat\u00e9giques. Tous, cependant, sont aujourd\u2019hui au centre de la g\u00e9opolitique mondiale.<\/p>\n<p>\u27a4\u202c La Chine, ultradominante<\/p>\n<p>Initi\u00e9e dans les ann\u00e9es 1990, la strat\u00e9gie chinoise a port\u00e9 ses fruits\u00a0: avec 69\u00a0% de la production mondiale de terres rares, elle est ultradominante. Dans une note publi\u00e9e pour l\u2019Institut fran\u00e7ais&#8230;<\/p>\n","protected":false},"excerpt":{"rendered":"La citation date de 1992, mais, trente-trois ans apr\u00e8s, elle semble plus actuelle que jamais. \u00ab\u00a0Le Moyen-Orient a&hellip;\n","protected":false},"author":2,"featured_media":22706,"comment_status":"","ping_status":"","sticky":false,"template":"","format":"standard","meta":{"footnotes":""},"categories":[1590],"tags":[11,309,1777,674,8402,8404,8403,12,8405,467,770,220],"class_list":{"0":"post-36371","1":"post","2":"type-post","3":"status-publish","4":"format-standard","5":"has-post-thumbnail","7":"category-ukraine","8":"tag-actualites","9":"tag-chine","10":"tag-eu","11":"tag-europe","12":"tag-matiu00e8res-premiu00e8res","13":"tag-mines","14":"tag-mu00e9taux-rares","15":"tag-news","16":"tag-ru00e9publique-du00e9mocratique-du-congo","17":"tag-trump","18":"tag-u00e9tats-unis","19":"tag-ukraine"},"share_on_mastodon":{"url":"https:\/\/pubeurope.com\/@fr\/114364392695175920","error":""},"_links":{"self":[{"href":"https:\/\/www.europesays.com\/fr\/wp-json\/wp\/v2\/posts\/36371","targetHints":{"allow":["GET"]}}],"collection":[{"href":"https:\/\/www.europesays.com\/fr\/wp-json\/wp\/v2\/posts"}],"about":[{"href":"https:\/\/www.europesays.com\/fr\/wp-json\/wp\/v2\/types\/post"}],"author":[{"embeddable":true,"href":"https:\/\/www.europesays.com\/fr\/wp-json\/wp\/v2\/users\/2"}],"replies":[{"embeddable":true,"href":"https:\/\/www.europesays.com\/fr\/wp-json\/wp\/v2\/comments?post=36371"}],"version-history":[{"count":0,"href":"https:\/\/www.europesays.com\/fr\/wp-json\/wp\/v2\/posts\/36371\/revisions"}],"wp:featuredmedia":[{"embeddable":true,"href":"https:\/\/www.europesays.com\/fr\/wp-json\/wp\/v2\/media\/22706"}],"wp:attachment":[{"href":"https:\/\/www.europesays.com\/fr\/wp-json\/wp\/v2\/media?parent=36371"}],"wp:term":[{"taxonomy":"category","embeddable":true,"href":"https:\/\/www.europesays.com\/fr\/wp-json\/wp\/v2\/categories?post=36371"},{"taxonomy":"post_tag","embeddable":true,"href":"https:\/\/www.europesays.com\/fr\/wp-json\/wp\/v2\/tags?post=36371"}],"curies":[{"name":"wp","href":"https:\/\/api.w.org\/{rel}","templated":true}]}}