{"id":363711,"date":"2025-09-03T17:02:11","date_gmt":"2025-09-03T17:02:11","guid":{"rendered":"https:\/\/www.europesays.com\/fr\/363711\/"},"modified":"2025-09-03T17:02:11","modified_gmt":"2025-09-03T17:02:11","slug":"tf1-se-met-aux-microtransactions-the-voice-sans-pub-pour-099-euro","status":"publish","type":"post","link":"https:\/\/www.europesays.com\/fr\/363711\/","title":{"rendered":"TF1+ se met aux microtransactions : The Voice sans pub pour 0,99 euro"},"content":{"rendered":"<p>TF1 a lanc\u00e9 lundi une nouvelle formule d&rsquo;acc\u00e8s payant associ\u00e9e \u00e0 certains des contenus, \u00e9missions ou s\u00e9ries, diffus\u00e9s sur sa plateforme de vid\u00e9o \u00e0 la demande, TF1+. Compl\u00e9mentaire de la publicit\u00e9, qui constitue le premier levier \u00e9conomique du service, elle repose sur le principe de microtransactions\u00a0: une petite somme, factur\u00e9e \u00e0 la demande, en \u00e9change d&rsquo;un service am\u00e9lior\u00e9. <\/p>\n<p>En l&rsquo;occurrence, le groupe TF1 envisage dans un premier temps trois produits payants, qui seront factur\u00e9s \u00e0 partir de 0,69 euro. D&rsquo;abord, la possibilit\u00e9 de visionner, en \u00e9change de cette transaction, un programme sans publicit\u00e9. Ensuite, l&rsquo;acc\u00e8s en avant-premi\u00e8re \u00e0 certains \u00e9pisodes de s\u00e9ries, feuilletons ou t\u00e9l\u00e9films. Enfin, la consultation de contenus additionnels, vendus comme des bonus associ\u00e9s aux grands programmes de la cha\u00eene (par exemple, le direct associ\u00e9 \u00e0 un programme de TV r\u00e9alit\u00e9). <\/p>\n<p><img decoding=\"async\" src=\"https:\/\/www.europesays.com\/fr\/wp-content\/uploads\/2025\/09\/tf1plus.jpg\" alt=\"\" class=\"wp-image-198115\"\/>TF1 se lance dans les microtransactions, \u00e0 partir de 0,69 euro<\/p>\n<p>\u00ab\u00a0Ainsi, un utilisateur souhaitant regarder The Voice avec ses enfants et \u00e9viter de se coucher trop tard pourra opter pour la version sans publicit\u00e9 \u00e0 0,99\u00a0\u20ac, lui faisant \u00e9conomiser 24 minutes de temps de visionnage\u00a0\u00bb, illustre TF1 dans un <a href=\"https:\/\/groupe-tf1.fr\/fr\/communiques\/tf1-lance-le-micro-paiement-une-innovation-majeure-dans-l-univers-du-streaming\" rel=\"nofollow noopener\" target=\"_blank\">communiqu\u00e9<\/a>.<\/p>\n<p>Le groupe, qui a r\u00e9cemment <a href=\"https:\/\/next.ink\/188854\/netflix-distribuera-les-contenus-de-tf1-a-partir-de-2026\/\" rel=\"nofollow noopener\" target=\"_blank\">sign\u00e9 un accord de distribution d&rsquo;envergure avec Netflix<\/a>, voit dans ces microtransactions un axe de d\u00e9veloppement susceptible \u00e0 la fois de diversifier ses revenus, mais aussi de s&rsquo;adapter \u00ab\u00a0aux nouvelles habitudes de consommation digitale\u00a0\u00bb, ici inspir\u00e9es de l&rsquo;in-app purchase que l&rsquo;on connait bien dans le monde du mobile. Pour cette incursion dans le payant, TF1 revendique par ailleurs une approche distinctive de celle des grandes plateformes de vid\u00e9o \u00e0 la demande, qui reposent principalement sur une logique d&rsquo;abonnement mensuel. <\/p>\n","protected":false},"excerpt":{"rendered":"TF1 a lanc\u00e9 lundi une nouvelle formule d&rsquo;acc\u00e8s payant associ\u00e9e \u00e0 certains des contenus, \u00e9missions ou s\u00e9ries, diffus\u00e9s&hellip;\n","protected":false},"author":2,"featured_media":363712,"comment_status":"","ping_status":"","sticky":false,"template":"","format":"standard","meta":{"footnotes":""},"categories":[1356],"tags":[58,59,1011,27,252,1364],"class_list":{"0":"post-363711","1":"post","2":"type-post","3":"status-publish","4":"format-standard","5":"has-post-thumbnail","7":"category-television","8":"tag-divertissement","9":"tag-entertainment","10":"tag-fr","11":"tag-france","12":"tag-television","13":"tag-tv"},"share_on_mastodon":{"url":"https:\/\/pubeurope.com\/@fr\/115141446589386735","error":""},"_links":{"self":[{"href":"https:\/\/www.europesays.com\/fr\/wp-json\/wp\/v2\/posts\/363711","targetHints":{"allow":["GET"]}}],"collection":[{"href":"https:\/\/www.europesays.com\/fr\/wp-json\/wp\/v2\/posts"}],"about":[{"href":"https:\/\/www.europesays.com\/fr\/wp-json\/wp\/v2\/types\/post"}],"author":[{"embeddable":true,"href":"https:\/\/www.europesays.com\/fr\/wp-json\/wp\/v2\/users\/2"}],"replies":[{"embeddable":true,"href":"https:\/\/www.europesays.com\/fr\/wp-json\/wp\/v2\/comments?post=363711"}],"version-history":[{"count":0,"href":"https:\/\/www.europesays.com\/fr\/wp-json\/wp\/v2\/posts\/363711\/revisions"}],"wp:featuredmedia":[{"embeddable":true,"href":"https:\/\/www.europesays.com\/fr\/wp-json\/wp\/v2\/media\/363712"}],"wp:attachment":[{"href":"https:\/\/www.europesays.com\/fr\/wp-json\/wp\/v2\/media?parent=363711"}],"wp:term":[{"taxonomy":"category","embeddable":true,"href":"https:\/\/www.europesays.com\/fr\/wp-json\/wp\/v2\/categories?post=363711"},{"taxonomy":"post_tag","embeddable":true,"href":"https:\/\/www.europesays.com\/fr\/wp-json\/wp\/v2\/tags?post=363711"}],"curies":[{"name":"wp","href":"https:\/\/api.w.org\/{rel}","templated":true}]}}