{"id":363713,"date":"2025-09-03T17:03:14","date_gmt":"2025-09-03T17:03:14","guid":{"rendered":"https:\/\/www.europesays.com\/fr\/363713\/"},"modified":"2025-09-03T17:03:14","modified_gmt":"2025-09-03T17:03:14","slug":"la-mort-de-sa-niece-karine-la-fille-de-sa-soeur-liette-un-drame-evoque-en-chanson","status":"publish","type":"post","link":"https:\/\/www.europesays.com\/fr\/363713\/","title":{"rendered":"la mort de sa ni\u00e8ce Karine, la fille de sa s\u0153ur Liette, un drame \u00e9voqu\u00e9 en chanson"},"content":{"rendered":"<p class=\"app_entry_lead\">\n<p>                    <a title=\"\u00a0\u00a9\u00a0Erik Pendzich\/\/SIPA (publi\u00e9e le 03\/09\/2025)\" href=\"https:\/\/www.europesays.com\/fr\/wp-content\/uploads\/2025\/09\/79770106.jpg\" class=\"fancy\"><\/p>\n<p>                            <img loading=\"lazy\" decoding=\"async\" src=\"https:\/\/www.europesays.com\/fr\/wp-content\/uploads\/2025\/09\/79770106.jpg\" alt=\"C\u00e9line Dion\u00a0: la mort de sa ni\u00e8ce Karine, la fille de sa s\u0153ur Liette, un drame \u00e9voqu\u00e9 en chanson\" width=\"1500\" height=\"1000\"\/><\/p>\n<p>                    <\/a><\/p>\n<p>                C\u00e9line Dion revient sur son album D&rsquo;eux dans un documentaire diffus\u00e9 sur M6\u00a0ce mercredi 3\u00a0septembre. Une des chansons du disque, \u00e9voquant la mort de ni\u00e8ce Karine, bouleverse profond\u00e9ment l&rsquo;artiste lorsqu&rsquo;elle l&rsquo;interpr\u00e8te.<\/p>\n<p>Les apparitions de <a href=\"https:\/\/www.linternaute.fr\/musique\/biographie\/1431094-celine-dion-annule-tous-les-concerts-de-sa-tournee-ce-que-l-on-sait-sur-sa-sante\/\" title=\"C\u00e9line Dion\" rel=\"nofollow noopener\" target=\"_blank\">C\u00e9line Dion<\/a> sont devenues rares et sont d&rsquo;autant plus remarqu\u00e9es. Les fans de la chanteuse canadienne pourront retrouver leur idole ce mercredi 3 septembre dans un documentaire diffus\u00e9 sur <a href=\"https:\/\/www.linternaute.com\/television\/programme-m6\/\" title=\"M6\" rel=\"nofollow noopener\" target=\"_blank\">M6<\/a>. Le film a \u00e9t\u00e9 tourn\u00e9 pour f\u00eater les 30 ans de l&rsquo;album qui a fait de C\u00e9line Dion la star qu&rsquo;elle est pour le public fran\u00e7ais : D&rsquo;eux. Ecrit par le non moins c\u00e9l\u00e8bre <a href=\"https:\/\/www.linternaute.fr\/musique\/biographie\/1777588-jean-jacques-goldman-enfin-de-retour-une-chanson-surprise\/\" title=\"Jean-Jacques Goldman\" rel=\"nofollow noopener\" target=\"_blank\">Jean-Jacques Goldman<\/a>, cet album est encore aujourd&rsquo;hui le disque francophone le plus vendu au monde.<\/p>\n<p>Les douze chansons, toutes en fran\u00e7ais,\u00a0ont laiss\u00e9 un souvenir ind\u00e9l\u00e9bile \u00e0 C\u00e9line Dion, mais une d&rsquo;entre elles l&rsquo;a profond\u00e9ment boulevers\u00e9e. Ce titre a pourtant failli ne jamais voir le jour. Jean-Jacques Goldman a attendu la fin de l&rsquo;enregistrement de l&rsquo;album pour proposer la chanson \u00e0 l&rsquo;artiste, par respect et par pudeur au regard du sujet qu&rsquo;il savait cher au c\u0153ur de\u00a0C\u00e9line Dion. Cette chanson est la derni\u00e8re piste de l&rsquo;album, Vole.\u00a0<\/p>\n<p>\u00ab\u00a0Vole, vole, mon amour, puisque le n\u00f4tre est trop lourd. Puisque rien ne te soulage, vole \u00e0 ton dernier voyage\u00a0\u00bb. Ces paroles,\u00a0c&rsquo;est \u00e0 la ni\u00e8ce de C\u00e9line Dion qu&rsquo;elles sont d\u00e9di\u00e9es, \u00e0 Karine, la fille d&rsquo;une des s\u0153urs a\u00een\u00e9es de la chanteuse, Liette Dion. La jeune fille est\u00a0d\u00e9c\u00e9d\u00e9e\u00a0de la mucoviscidose en 1993. Elle avait alors tout juste 16 ans et C\u00e9line Dion en avait 25.\u00a0La disparition de sa ni\u00e8ce a profond\u00e9ment affect\u00e9\u00a0la star internationale, \u00e0 tel point qu&rsquo;elle est devenue la marraine\u00a0de la Fondation canadienne Fibrose kystique\u00a0(autre nom de la mucoviscidose) en ao\u00fbt 1993, seulement trois mois apr\u00e8s le drame.<\/p>\n<p>C\u00e9line Dion est \u00e9galement devenue la marraine du\u00a0CHU Sainte-Justine de Montr\u00e9al, o\u00f9 Karine avait \u00e9t\u00e9 prise en charge avant sa mort. Un r\u00f4le qu&rsquo;elle tient encore aujourd&rsquo;hui.\u00a0Si la chanteuse s&rsquo;exprime tr\u00e8s rarement sur le sujet, elle a fait <a href=\"https:\/\/www.fondationstejustine.org\/blogue\/lenfance-ce-fort-que-nous-devons-proteger\/\" target=\"_blank\" rel=\"nofollow noopener\">des confidences\u00a0sur ce moment difficile de sa vie<\/a> le 15\u00a0novembre 2020, lors d&rsquo;un appel aux dons au profit de l&rsquo;h\u00f4pital. \u00ab\u00a0Tr\u00e8s t\u00f4t dans ma vie, avant m\u00eame d&rsquo;avoir des enfants, j&rsquo;ai compris combien investir en p\u00e9diatrie pouvait \u00eatre porteur d&rsquo;avenir et d&rsquo;espoir. Il y a pr\u00e8s de 30\u00a0ans, ma ni\u00e8ce Karine, soign\u00e9e ici \u00e0 Sainte-Justine,\u00a0s&rsquo;\u00e9teignait \u00e0 l&rsquo;\u00e2ge de 16\u00a0ans apr\u00e8s un long combat contre la\u00a0fibrose kystique. Chaque fois que j&rsquo;y reviens depuis son d\u00e9part, je constate de mes propres yeux \u00e0 quel point la recherche y est vive, \u00e0 quel point les avanc\u00e9es y sont extraordinaires et comment les \u00e9quipes ici continuent de mettre l&rsquo;humain sur le m\u00eame pied d&rsquo;\u00e9galit\u00e9 que l&rsquo;excellence\u00a0\u00bb, \u00e9crivait-elle.\u00a0<\/p>\n<p>Une interpr\u00e9tation de Vole bouleversante et improvis\u00e9e<\/p>\n<p>Lorsqu&rsquo;en 1995 Jean-Jacques Goldman a jou\u00e9\u00a0Vole devant la chanteuse &#8211; apr\u00e8s avoir demand\u00e9\u00a0s&rsquo;il pouvait le faire au risque de troubler l&rsquo;artiste\u00a0&#8211; \u00e7&rsquo;a \u00e9t\u00e9 une \u00e9vidence. L&rsquo;auteur du titre a alors demand\u00e9 \u00e0 C\u00e9line Dion de chanter Vole \u00e0 l&rsquo;instinct, sans se pr\u00e9parer, dans le studio d&rsquo;enregistrement. \u00ab\u00a0Je voulais qu&rsquo;elle la chante comme \u00e7a, qu&rsquo;elle n&rsquo;ait pas \u00e0 la juger et qu&rsquo;ensuite elle la jette ou elle la garde. Mais je voulais qu&rsquo;elle soit comme \u00e7a, avec cette \u00e9motion l\u00e0\u00a0\u00bb, raconte Jean-Jacques Goldman dans des images d&rsquo;archives utilis\u00e9es dans le documentaire vu en avant-premi\u00e8re par <a href=\"https:\/\/www.bfmtv.com\/people\/musique\/celine-dion-raconte-d-eux-sur-m6-dans-les-coulisses-de-l-album-culte-concocte-par-jean-jacques-goldman_AN-202509030326.html\" target=\"_blank\" rel=\"nofollow noopener\">BFMTV<\/a>.<\/p>\n<p>La Canadienne n&rsquo;a pas pu retenir ses larmes en interpr\u00e9tant le texte se souvient Roland Romanlli, l&rsquo;arrangeur pr\u00e9sent durant l&rsquo;enregistrement et t\u00e9moin dans le documentaire. \u00ab\u00a0On a commenc\u00e9 \u00e0 l&rsquo;enregistrer directement et au bout d&rsquo;une minute 30, une minute 40, elle\u00a0s&rsquo;arr\u00eate en pleurs\u00a0\u00bb. Apr\u00e8s une pause et une deuxi\u00e8me tentative \u00e9galement interrompue par l&rsquo;\u00e9motion, C\u00e9line Dion parvient \u00e0 aller au bout de la chanson et propose une s\u00e9quence musicale bouleversante. \u00ab\u00a0J&rsquo;ai pu enfin reprendre mon souffle. On a \u00e9cout\u00e9 et c&rsquo;\u00e9tait parfait. (&#8230;) C&rsquo;est le summum de ce que j&rsquo;ai pu vivre avec elle\u00a0\u00bb, se rem\u00e9more Roland Romanelli.<\/p>\n","protected":false},"excerpt":{"rendered":"C\u00e9line Dion revient sur son album D&rsquo;eux dans un documentaire diffus\u00e9 sur M6\u00a0ce mercredi 3\u00a0septembre. Une des chansons&hellip;\n","protected":false},"author":2,"featured_media":363714,"comment_status":"","ping_status":"","sticky":false,"template":"","format":"standard","meta":{"footnotes":""},"categories":[1355],"tags":[58,59,1011,27,1361,873],"class_list":{"0":"post-363713","1":"post","2":"type-post","3":"status-publish","4":"format-standard","5":"has-post-thumbnail","7":"category-musique","8":"tag-divertissement","9":"tag-entertainment","10":"tag-fr","11":"tag-france","12":"tag-music","13":"tag-musique"},"share_on_mastodon":{"url":"https:\/\/pubeurope.com\/@fr\/115141450527115134","error":""},"_links":{"self":[{"href":"https:\/\/www.europesays.com\/fr\/wp-json\/wp\/v2\/posts\/363713","targetHints":{"allow":["GET"]}}],"collection":[{"href":"https:\/\/www.europesays.com\/fr\/wp-json\/wp\/v2\/posts"}],"about":[{"href":"https:\/\/www.europesays.com\/fr\/wp-json\/wp\/v2\/types\/post"}],"author":[{"embeddable":true,"href":"https:\/\/www.europesays.com\/fr\/wp-json\/wp\/v2\/users\/2"}],"replies":[{"embeddable":true,"href":"https:\/\/www.europesays.com\/fr\/wp-json\/wp\/v2\/comments?post=363713"}],"version-history":[{"count":0,"href":"https:\/\/www.europesays.com\/fr\/wp-json\/wp\/v2\/posts\/363713\/revisions"}],"wp:featuredmedia":[{"embeddable":true,"href":"https:\/\/www.europesays.com\/fr\/wp-json\/wp\/v2\/media\/363714"}],"wp:attachment":[{"href":"https:\/\/www.europesays.com\/fr\/wp-json\/wp\/v2\/media?parent=363713"}],"wp:term":[{"taxonomy":"category","embeddable":true,"href":"https:\/\/www.europesays.com\/fr\/wp-json\/wp\/v2\/categories?post=363713"},{"taxonomy":"post_tag","embeddable":true,"href":"https:\/\/www.europesays.com\/fr\/wp-json\/wp\/v2\/tags?post=363713"}],"curies":[{"name":"wp","href":"https:\/\/api.w.org\/{rel}","templated":true}]}}