{"id":363715,"date":"2025-09-03T17:04:10","date_gmt":"2025-09-03T17:04:10","guid":{"rendered":"https:\/\/www.europesays.com\/fr\/363715\/"},"modified":"2025-09-03T17:04:10","modified_gmt":"2025-09-03T17:04:10","slug":"cinema-les-25-films-les-plus-attendus-de-la-rentree-telerama","status":"publish","type":"post","link":"https:\/\/www.europesays.com\/fr\/363715\/","title":{"rendered":"Cin\u00e9ma : les 25 films les plus attendus de la rentr\u00e9e &#8211; T\u00e9l\u00e9rama"},"content":{"rendered":"<ol>\n<li><a href=\"https:\/\/news.google.com\/rss\/articles\/CBMimgFBVV95cUxQc0UwQ2FiZjM0MTlfMVlTYjNnbnNtY2c5REl4M1RkdFQwTVRhSEpCbHNBMUxiUVZTamVhY3dnYmNfRUs1Z2VaR05iUERBVW1oSDNiOC13X2RNT0lyQzV6ZDZqVHNzQTdPeWtobzQ1emwwQXlGQ0dWc3RTaEhZZE5tUV90Nm1ZQTFkM3J2UndqSTFVb0xGbnFOeThn?oc=5\" target=\"_blank\" rel=\"nofollow noopener\">Cin\u00e9ma : les 25 films les plus attendus de la rentr\u00e9e<\/a>&nbsp;&nbsp;T\u00e9l\u00e9rama<\/li>\n<li><a href=\"https:\/\/news.google.com\/rss\/articles\/CBMinwFBVV95cUxOSlhETDFvWEZaU3A5V2laOUhiYWk0N3V1QlBEbGpWcFBnaHRjbU95SjlCV09YN2VKNWZ5ZjhxM2tPSmJ3Z1dFckliTlFhSzc2andmNWJIV0VFdFluMTVvNHdrb1pVVTJqdllyYm9zaTFqMVhGRmNWR3VXYjQwQmhFZ0U3OHkxQUE4RjY5NUI5OUd1T1dUdXYtU3VHV0VlRGs?oc=5\" target=\"_blank\" rel=\"nofollow noopener\">Les films \u00e0 ne pas manquer en septembre au cin\u00e9ma<\/a>&nbsp;&nbsp;20 Minutes<\/li>\n<li><a href=\"https:\/\/news.google.com\/rss\/articles\/CBMizwFBVV95cUxNVEl2WlVTU00yYmcySnowQUZwUk04Y3NFb0NQNUJ3MGRFVlFvcnEyaHNPZW5rOFBuM2NkeWNIZkZWcHRHZUhvRUFPbDRZNkt4a3FlQzJRX20xb3JIbXpHNXNOY0o4R1NzUW9iR2ZELXZYSVVqY3dlV1A4dHRIUlo5RDNSMHBuVXJyR1U3NnFZVGZmMXVzOXFRUDFCeUJibG5feFlXQVdQNXlWUjQxZVZPSTBVSnFBN19RZ3hXbzM3dkV0eGY5WkExME1ENXRiY0U?oc=5\" target=\"_blank\" rel=\"nofollow noopener\">De Leonardo DiCaprio \u00e0 Audrey Fleurot : les dix films de la rentr\u00e9e qu\u2019il ne faudra pas rater<\/a>&nbsp;&nbsp;La Voix du Nord<\/li>\n<li><a href=\"https:\/\/news.google.com\/rss\/articles\/CBMinwFBVV95cUxPOTdhaTV4cFQ0TTdlUXZJem81NGwwVmI1aXo0YkJQSS1RQ1JCT3hGVlJrV3dKa0NoeEdZdXlqQWcyNm1kRkZ1YVQ0YzJrRU1RMnNMNEpRY0Zib0haUmd4aW1kV2VWdnNkZTZtelNOemZRMjh1bEFRbXAyWG8yT2V4X3BhQWNDdmVDZ0dwQU5TVTc2d2lFUlpYeExEbENhNUU?oc=5\" target=\"_blank\" rel=\"nofollow noopener\">Les 10 films \u00e9v\u00e9nements de la rentr\u00e9e cin\u00e9ma<\/a>&nbsp;&nbsp;Les Echos<\/li>\n<li><a href=\"https:\/\/news.google.com\/rss\/articles\/CBMid0FVX3lxTE9TX0VGRG81ZWVEaS05LWZtWmU2VXZkSUVBd0lKSHhiZVJZNHV1eU5GYTVsQ1RPS2Y1ZmFKRVFCUXAyTllfWC1FR1pqeGZQN2d3UXQzNnphdW1rS21iZG9Eczd3LXJQV0dRMFd2V1VldzdhNmR0M3FR?oc=5\" target=\"_blank\" rel=\"nofollow noopener\">Y&rsquo;a quoi \u00e0 voir au cin\u00e9 ? Les films \u00e0 ne pas manquer en septembre<\/a>&nbsp;&nbsp;Yahoo Actualit\u00e9s<\/li>\n<\/ol>\n","protected":false},"excerpt":{"rendered":"Cin\u00e9ma : les 25 films les plus attendus de la rentr\u00e9e&nbsp;&nbsp;T\u00e9l\u00e9rama Les films \u00e0 ne pas manquer en&hellip;\n","protected":false},"author":2,"featured_media":363716,"comment_status":"","ping_status":"","sticky":false,"template":"","format":"standard","meta":{"footnotes":""},"categories":[1354],"tags":[58,59,1346,1011,27,1360],"class_list":{"0":"post-363715","1":"post","2":"type-post","3":"status-publish","4":"format-standard","5":"has-post-thumbnail","7":"category-films","8":"tag-divertissement","9":"tag-entertainment","10":"tag-films","11":"tag-fr","12":"tag-france","13":"tag-movies"},"share_on_mastodon":{"url":"https:\/\/pubeurope.com\/@fr\/115141454544833505","error":""},"_links":{"self":[{"href":"https:\/\/www.europesays.com\/fr\/wp-json\/wp\/v2\/posts\/363715","targetHints":{"allow":["GET"]}}],"collection":[{"href":"https:\/\/www.europesays.com\/fr\/wp-json\/wp\/v2\/posts"}],"about":[{"href":"https:\/\/www.europesays.com\/fr\/wp-json\/wp\/v2\/types\/post"}],"author":[{"embeddable":true,"href":"https:\/\/www.europesays.com\/fr\/wp-json\/wp\/v2\/users\/2"}],"replies":[{"embeddable":true,"href":"https:\/\/www.europesays.com\/fr\/wp-json\/wp\/v2\/comments?post=363715"}],"version-history":[{"count":0,"href":"https:\/\/www.europesays.com\/fr\/wp-json\/wp\/v2\/posts\/363715\/revisions"}],"wp:featuredmedia":[{"embeddable":true,"href":"https:\/\/www.europesays.com\/fr\/wp-json\/wp\/v2\/media\/363716"}],"wp:attachment":[{"href":"https:\/\/www.europesays.com\/fr\/wp-json\/wp\/v2\/media?parent=363715"}],"wp:term":[{"taxonomy":"category","embeddable":true,"href":"https:\/\/www.europesays.com\/fr\/wp-json\/wp\/v2\/categories?post=363715"},{"taxonomy":"post_tag","embeddable":true,"href":"https:\/\/www.europesays.com\/fr\/wp-json\/wp\/v2\/tags?post=363715"}],"curies":[{"name":"wp","href":"https:\/\/api.w.org\/{rel}","templated":true}]}}