{"id":363719,"date":"2025-09-03T17:06:11","date_gmt":"2025-09-03T17:06:11","guid":{"rendered":"https:\/\/www.europesays.com\/fr\/363719\/"},"modified":"2025-09-03T17:06:11","modified_gmt":"2025-09-03T17:06:11","slug":"barrieres-forcees-drapeaux-banderoles-la-11e-etape-ecourtee-suite-aux-manifestations-pro-palestiniennes","status":"publish","type":"post","link":"https:\/\/www.europesays.com\/fr\/363719\/","title":{"rendered":"barri\u00e8res forc\u00e9es, drapeaux, banderoles&#8230; La 11e \u00e9tape \u00e9court\u00e9e suite aux manifestations pro-palestiniennes"},"content":{"rendered":"<p>Il n\u2019y a pas eu de vainqueur, ce mercredi, lors de la 11e \u00e9tape de la Vuelta \u00e0 Bilbao. Suite \u00e0 de nombreux incidents provoqu\u00e9s par des manifestants pro-Palestine, l\u2019organisation du Tour d\u2019Espagne a d\u00e9cid\u00e9 de geler les temps \u00e0 trois kilom\u00e8tres de l\u2019arriv\u00e9e.<\/p>\n<p class=\"fig-paragraph\">Fiasco sur la Vuelta. La pr\u00e9sence massive de manifestants pro-palestiniens sur la ligne d\u2019arriv\u00e9e a conduit les organisateurs du\u00a0<a href=\"http:\/\/www.lefigaro.fr\/flash-actu\/cyclisme-jay-vine-remporte-une-deuxieme-etape-d-affilee-vingegaard-nouveau-leader-du-tour-d-espagne-20250902\" data-fig-type=\"NewsFlash\" data-gtm-custom-categorie=\"navigation\" data-gtm-custom-action=\"crossclick\" data-gtm-custom-label=\"Contextuel\" data-gtm-event=\"customEventSPE\" data-fig-domain=\"LEFIGARO\" target=\"_blank\" rel=\"noopener\">Tour d\u2019Espagne<\/a>\u00a0\u00e0 \u00e9courter la 11e \u00e9tape du Tour d\u2019Espagne et \u00e0 ne pas d\u00e9signer de vainqueur mercredi \u00e0 Bilbao. Ce nouvel incident intervient alors que cette 80e \u00e9dition de la Vuelta est \u00e9maill\u00e9e depuis son d\u00e9part le 23 ao\u00fbt par des manifestations quotidiennes de militants protestant notamment contre la pr\u00e9sence de l\u2019\u00e9quipe isra\u00e9lienne Israel Premier Tech sur le troisi\u00e8me grand Tour de l\u2019ann\u00e9e.<\/p>\n<p class=\"fig-paragraph\">Mercredi, la tension est mont\u00e9e d\u2019un cran encore, alors que de nombreux militants, arborant drapeaux et banderoles, \u00e9taient mass\u00e9s le long de l\u2019ultime ligne droite. Encadr\u00e9s par les forces de l\u2019ordre, plusieurs d\u2019entre eux ont tent\u00e9 de forcer les barri\u00e8res avant le premier passage du peloton sur la ligne d\u2019arriv\u00e9e. La direction de la Vuelta a r\u00e9agi rapidement: \u00absuite \u00e0 des incidents sur la ligne d\u2019arriv\u00e9e, nous avons d\u00e9cid\u00e9 de prendre les temps \u00e0 trois kilom\u00e8tres de la ligne. Il n\u2019y aura pas de vainqueur d\u2019\u00e9tape\u00bb, a-t-elle annonc\u00e9 alors que les coureurs \u00e9taient repartis pour un tour autour de la cit\u00e9 basque.<\/p>\n<p>                                    <a class=\"fig-a11y-skip a11y-hidden\" href=\"#fig-a11y-skip-main-inarticle\"><br \/>\n        Passer la publicit\u00e9<br \/>\n    <\/a><\/p>\n<p>\u00abVraiment dommage\u00bb pour Vingegaard<\/p>\n<p class=\"fig-paragraph\">Les temps pris \u00e0 trois kilom\u00e8tres de l\u2019arriv\u00e9e initialement pr\u00e9vue ont \u00e9t\u00e9 comptabilis\u00e9s pour le classement g\u00e9n\u00e9ral qui est toujours domin\u00e9 par le Danois Jonas Vingegaard, malgr\u00e9 l\u2019attaque de Tom Pidcock (Q36.5) dans la derni\u00e8re mont\u00e9e, pour empocher six secondes de bonifications.<\/p>\n<p class=\"fig-paragraph\">\u00abLa premi\u00e8re fois qu\u2019on a pass\u00e9 la ligne, on a vu les manifestants essayer d\u2019aller sur la route et la police tenter de les contenir\u00bb, a rapport\u00e9 l\u2019ancien double vainqueur du Tour de France, \u00abd\u00e9\u00e7u\u00bb de ne pas avoir pu jouer la victoire d\u2019\u00e9tape. \u00abC\u2019est aujourd\u2019hui le premier anniversaire de mon fils. Je voulais gagner pour lui, c\u2019est vraiment dommage\u00bb, a d\u00e9clar\u00e9 le porteur du maillot rouge. Ce nouvel \u00e9pisode pose de nombreuses questions sur la bonne tenue des \u00e9tapes \u00e0 venir et la pression risque de s\u2019accentuer sur l\u2019\u00e9quipe Israel PT de se retirer de la Vuelta.<\/p>\n<p class=\"fig-body-link\">\n            \u00c0 lire aussi<br \/>\n        <a class=\"fig-body-link__link\" href=\"http:\/\/www.lefigaro.fr\/sports\/cyclisme\/tour-d-espagne-les-coureurs-se-sentent-en-danger-avec-la-multiplication-des-manifestations-propalestiniennes-20250903\" data-fig-type=\"NewsFlash\" data-gtm-custom-categorie=\"navigation\" data-gtm-custom-action=\"crossclick\" data-gtm-custom-label=\"Contextuel\" data-gtm-event=\"customEventSPE\" data-fig-domain=\"LEFIGARO\" target=\"_blank\" rel=\"noopener\">Tour d\u2019Espagne\u00a0: les coureurs se sentent \u00aben danger\u00bb avec la multiplication des manifestations pro-palestiniennes<br \/>\n    <\/a>\n<\/p>\n<p>Des incidents \u00e0 r\u00e9p\u00e9tition<\/p>\n<p class=\"fig-paragraph\">Mercredi, avant le d\u00e9part de l\u2019\u00e9tape,<a href=\"http:\/\/www.lefigaro.fr\/sports\/cyclisme\/tour-d-espagne-les-coureurs-se-sentent-en-danger-avec-la-multiplication-des-manifestations-propalestiniennes-20250903\" data-fig-type=\"NewsFlash\" data-gtm-custom-categorie=\"navigation\" data-gtm-custom-action=\"crossclick\" data-gtm-custom-label=\"Contextuel\" data-gtm-event=\"customEventSPE\" data-fig-domain=\"LEFIGARO\" target=\"_blank\" rel=\"noopener\">\u00a0plusieurs coureurs ont point\u00e9 les risques pour leur s\u00e9curit\u00e9<\/a>\u00a0au lendemain de la chute de l\u2019un d\u2019eux provoqu\u00e9e lors d\u2019une telle manifestation. Lors du contre-la-montre par \u00e9quipes de la cinqui\u00e8me \u00e9tape, des militants avaient d\u00e9j\u00e0 tent\u00e9 de bloquer les coureurs de la formation isra\u00e9lienne \u00e0 Figueras, en Catalogne.<\/p>\n<p class=\"fig-paragraph\">Le directeur de la Vuelta, Javier Guillen, avait indiqu\u00e9 que les organisateurs porteraient plainte aupr\u00e8s de la police, qualifiant cette manifestation d\u2019\u00abacte de violence\u00bb. La ministre espagnole de la Jeunesse, Sira Rego, avait dans la foul\u00e9e jug\u00e9 \u00ababsolument inacceptable\u00bb de qualifier de \u00abviolente\u00bb une \u00abprotestation pacifique\u00bb contre une \u00e9quipe soutenue par un \u00c9tat accus\u00e9 de \u00abviolence syst\u00e9matique\u00bb dans la bande de Gaza.<\/p>\n<p class=\"fig-paragraph\">Des incidents similaires avaient eu lieu en juillet lors du Tour de France, o\u00f9\u00a0<a href=\"http:\/\/www.lefigaro.fr\/sports\/cyclisme\/tour-de-france\/l-activiste-pro-palestinien-qui-avait-perturbe-une-etape-du-tour-de-france-revient-sur-son-geste-et-prone-la-desobeissance-civile-20250903\" data-fig-type=\"NewsFlash\" data-gtm-custom-categorie=\"navigation\" data-gtm-custom-action=\"crossclick\" data-gtm-custom-label=\"Contextuel\" data-gtm-event=\"customEventSPE\" data-fig-domain=\"LEFIGARO\" target=\"_blank\" rel=\"noopener\">un militant pro-palestinien avait perturb\u00e9 l\u2019arriv\u00e9e<\/a>\u00a0de l\u2019\u00e9tape \u00e0 Toulouse, et au Tour d\u2019Italie en mai. Mais l\u2019ampleur des manifestations sur cette Vuelta est autrement plus importante.<\/p>\n<p>    Fin d\u2019\u00e9tape perturb\u00e9e sur la Vuelta \u00e0 Bilbao.<br \/>\n                ANDER GILLENEA \/ AFP<\/p>\n<p>                                    <a class=\"fig-a11y-skip a11y-hidden\" href=\"#fig-a11y-skip-main-inarticle_mtf\"><br \/>\n        Passer la publicit\u00e9<br \/>\n    <\/a><\/p>\n<p>Soutien sans faille du gouvernement de gauche espagnol \u00e0 la cause palestinienne<\/p>\n<p class=\"fig-paragraph\">Le gouvernement de gauche du socialiste Pedro S\u00e1nchez a officiellement reconnu l\u2019Etat de Palestine en mai 2024, conjointement avec l\u2019Irlande et la Norv\u00e8ge, et fait du soutien sans faille \u00e0 la cause palestinienne l\u2019un des principaux axes de sa politique \u00e9trang\u00e8re depuis 18 mois.<\/p>\n<p class=\"fig-paragraph\">Et comme ses alli\u00e9s d\u2019extr\u00eame gauche au sein du gouvernement, il a r\u00e9cemment \u00e0 son tour qualifi\u00e9 de \u00abg\u00e9nocide\u00bb la situation dans le territoire palestinien de Gaza, un terme que peu de dirigeants internationaux ont jusqu\u2019\u00e0 pr\u00e9sent utilis\u00e9.<\/p>\n<p class=\"fig-paragraph\">Ses prises de position ont \u00e9t\u00e9 salu\u00e9es ces derniers mois par les pays arabes, mais lui ont valu de vives critiques du gouvernement de Benjamin Netanyahu, qui a d\u00e9cid\u00e9 en mai 2024 de rappeler son ambassadrice en Espagne pour consultations.<\/p>\n<p class=\"fig-paragraph\">Dans le pays, la cause palestinienne est tr\u00e8s populaire en particulier chez les militants de gauche, et des drapeaux palestiniens sont visibles dans de nombreuses villes, accroch\u00e9s \u00e0 des balcons ou brandis lors de f\u00eates ou de manifestations.<\/p>\n","protected":false},"excerpt":{"rendered":"Il n\u2019y a pas eu de vainqueur, ce mercredi, lors de la 11e \u00e9tape de la Vuelta \u00e0&hellip;\n","protected":false},"author":2,"featured_media":363720,"comment_status":"","ping_status":"","sticky":false,"template":"","format":"standard","meta":{"footnotes":""},"categories":[9],"tags":[1011,27,60,1140],"class_list":{"0":"post-363719","1":"post","2":"type-post","3":"status-publish","4":"format-standard","5":"has-post-thumbnail","7":"category-sports","8":"tag-fr","9":"tag-france","10":"tag-sports","11":"tag-tour-despagne"},"share_on_mastodon":{"url":"https:\/\/pubeurope.com\/@fr\/115141462191488630","error":""},"_links":{"self":[{"href":"https:\/\/www.europesays.com\/fr\/wp-json\/wp\/v2\/posts\/363719","targetHints":{"allow":["GET"]}}],"collection":[{"href":"https:\/\/www.europesays.com\/fr\/wp-json\/wp\/v2\/posts"}],"about":[{"href":"https:\/\/www.europesays.com\/fr\/wp-json\/wp\/v2\/types\/post"}],"author":[{"embeddable":true,"href":"https:\/\/www.europesays.com\/fr\/wp-json\/wp\/v2\/users\/2"}],"replies":[{"embeddable":true,"href":"https:\/\/www.europesays.com\/fr\/wp-json\/wp\/v2\/comments?post=363719"}],"version-history":[{"count":0,"href":"https:\/\/www.europesays.com\/fr\/wp-json\/wp\/v2\/posts\/363719\/revisions"}],"wp:featuredmedia":[{"embeddable":true,"href":"https:\/\/www.europesays.com\/fr\/wp-json\/wp\/v2\/media\/363720"}],"wp:attachment":[{"href":"https:\/\/www.europesays.com\/fr\/wp-json\/wp\/v2\/media?parent=363719"}],"wp:term":[{"taxonomy":"category","embeddable":true,"href":"https:\/\/www.europesays.com\/fr\/wp-json\/wp\/v2\/categories?post=363719"},{"taxonomy":"post_tag","embeddable":true,"href":"https:\/\/www.europesays.com\/fr\/wp-json\/wp\/v2\/tags?post=363719"}],"curies":[{"name":"wp","href":"https:\/\/api.w.org\/{rel}","templated":true}]}}