{"id":363721,"date":"2025-09-03T17:07:11","date_gmt":"2025-09-03T17:07:11","guid":{"rendered":"https:\/\/www.europesays.com\/fr\/363721\/"},"modified":"2025-09-03T17:07:11","modified_gmt":"2025-09-03T17:07:11","slug":"une-bonne-nouvelle-attend-enfin-ces-2-signes-du-zodiaque-apres-un-ete-infernal","status":"publish","type":"post","link":"https:\/\/www.europesays.com\/fr\/363721\/","title":{"rendered":"Une bonne nouvelle attend enfin ces 2 signes du zodiaque apr\u00e8s un \u00e9t\u00e9 infernal"},"content":{"rendered":"<p>\t\t\t\t\t Un climat astral plus favorable<\/p>\n<p data-start=\"738\" data-end=\"1301\">D\u00e8s la premi\u00e8re quinzaine de septembre, plusieurs transits viennent changer la donne. Mercure termine sa r\u00e9trogradation le 10 septembre, ce qui permet de reprendre un dialogue plus fluide, aussi bien sur le plan personnel que professionnel. V\u00e9nus entre en Balance \u00e0 partir du 16, ramenant de l\u2019harmonie dans les relations. Le Soleil en Vierge forme un bel aspect avec Jupiter, insufflant une \u00e9nergie de construction, d\u2019expansion et d\u2019optimisme. Ces influences combin\u00e9es permettent \u00e0 certains signes de sortir d\u2019un tunnel qu\u2019ils traversaient depuis plusieurs mois.<\/p>\n<p>Lion : retour en force apr\u00e8s un passage \u00e0 vide<\/p>\n<p data-start=\"1354\" data-end=\"1674\">Le Lion a v\u00e9cu un \u00e9t\u00e9 marqu\u00e9 par des remises en question. L\u2019\u00e9nergie solaire qui l\u2019habite d\u2019ordinaire semblait avoir perdu de son \u00e9clat. Il a pu douter de lui-m\u00eame, \u00eatre confront\u00e9 \u00e0 des rapports de force ou voir ses ambitions contrari\u00e9es. Cette p\u00e9riode, bien que formatrice, a eu un impact direct sur sa confiance en lui.<\/p>\n<p data-start=\"1676\" data-end=\"2049\">Septembre marque un tournant. D\u00e8s la mi-mois, les choses se remettent en mouvement. Les efforts fournis commencent \u00e0 porter leurs fruits, et le Lion retrouve sa place, sa voix et son \u00e9nergie. Un projet en attente peut se d\u00e9bloquer, une situation personnelle s\u2019\u00e9claircir, ou une relation se r\u00e9chauffer. Ce regain de confiance agit comme un tremplin pour la suite de l\u2019ann\u00e9e.<\/p>\n<p>Poissons : soulagement apr\u00e8s confusion<\/p>\n<p data-start=\"2094\" data-end=\"2394\">Le Poissons a navigu\u00e9 tout l\u2019\u00e9t\u00e9 dans des eaux troubles. Avec Saturne et Neptune dans son signe, il a d\u00fb composer avec des tensions internes, des d\u00e9cisions complexes, voire des d\u00e9sillusions. La p\u00e9riode estivale a mis en lumi\u00e8re ce qui n\u2019\u00e9tait plus tenable, l\u2019obligeant \u00e0 se recentrer sur l\u2019essentiel.<\/p>\n<p data-start=\"2396\" data-end=\"2903\">La pleine Lune du 8 septembre dans son signe agit comme un d\u00e9clencheur. Elle permet de poser des mots sur ce qui \u00e9tait flou, de comprendre enfin les signaux re\u00e7us au cours des derni\u00e8res semaines. Dans la deuxi\u00e8me moiti\u00e9 du mois, des aides ext\u00e9rieures ou des opportunit\u00e9s concr\u00e8tes peuvent surgir. Le Poissons sent que les choses se r\u00e9organisent autour de lui et qu\u2019il n\u2019est plus seul face \u00e0 ses responsabilit\u00e9s. Une forme de paix int\u00e9rieure s\u2019installe, lui permettant de repartir sur des bases plus solides.<\/p>\n<p> Une nouvelle dynamique pour entamer l\u2019automne<\/p>\n<p data-start=\"2955\" data-end=\"3343\">Septembre agit comme un sas de d\u00e9compression pour ces deux signes. Ils sortent d\u2019une p\u00e9riode dense, marqu\u00e9e par des doutes ou des tensions, pour entrer dans une phase plus stable, plus constructive. Ce retour \u00e0 l\u2019\u00e9quilibre ne se fait pas brusquement, mais il est perceptible d\u00e8s la mi-septembre. Le climat g\u00e9n\u00e9ral leur devient plus favorable, tant sur le plan personnel que professionnel.<\/p>\n<p data-start=\"3345\" data-end=\"3660\">M\u00eame si les autres signes ressentiront aussi des am\u00e9liorations, les natifs du Lion et des Poissons sont ceux qui vivront le plus nettement ce soulagement. Apr\u00e8s avoir travers\u00e9 des semaines \u00e9prouvantes, ils peuvent d\u00e9sormais entrevoir des perspectives positives et retrouver un certain pouvoir d\u2019action sur leur vie.<\/p>\n","protected":false},"excerpt":{"rendered":"Un climat astral plus favorable D\u00e8s la premi\u00e8re quinzaine de septembre, plusieurs transits viennent changer la donne. Mercure&hellip;\n","protected":false},"author":2,"featured_media":363722,"comment_status":"","ping_status":"","sticky":false,"template":"","format":"standard","meta":{"footnotes":""},"categories":[8],"tags":[58,59,1011,27,56],"class_list":{"0":"post-363721","1":"post","2":"type-post","3":"status-publish","4":"format-standard","5":"has-post-thumbnail","7":"category-divertissement","8":"tag-divertissement","9":"tag-entertainment","10":"tag-fr","11":"tag-france","12":"tag-push"},"share_on_mastodon":{"url":"https:\/\/pubeurope.com\/@fr\/115141466313136768","error":""},"_links":{"self":[{"href":"https:\/\/www.europesays.com\/fr\/wp-json\/wp\/v2\/posts\/363721","targetHints":{"allow":["GET"]}}],"collection":[{"href":"https:\/\/www.europesays.com\/fr\/wp-json\/wp\/v2\/posts"}],"about":[{"href":"https:\/\/www.europesays.com\/fr\/wp-json\/wp\/v2\/types\/post"}],"author":[{"embeddable":true,"href":"https:\/\/www.europesays.com\/fr\/wp-json\/wp\/v2\/users\/2"}],"replies":[{"embeddable":true,"href":"https:\/\/www.europesays.com\/fr\/wp-json\/wp\/v2\/comments?post=363721"}],"version-history":[{"count":0,"href":"https:\/\/www.europesays.com\/fr\/wp-json\/wp\/v2\/posts\/363721\/revisions"}],"wp:featuredmedia":[{"embeddable":true,"href":"https:\/\/www.europesays.com\/fr\/wp-json\/wp\/v2\/media\/363722"}],"wp:attachment":[{"href":"https:\/\/www.europesays.com\/fr\/wp-json\/wp\/v2\/media?parent=363721"}],"wp:term":[{"taxonomy":"category","embeddable":true,"href":"https:\/\/www.europesays.com\/fr\/wp-json\/wp\/v2\/categories?post=363721"},{"taxonomy":"post_tag","embeddable":true,"href":"https:\/\/www.europesays.com\/fr\/wp-json\/wp\/v2\/tags?post=363721"}],"curies":[{"name":"wp","href":"https:\/\/api.w.org\/{rel}","templated":true}]}}