{"id":363723,"date":"2025-09-03T17:08:15","date_gmt":"2025-09-03T17:08:15","guid":{"rendered":"https:\/\/www.europesays.com\/fr\/363723\/"},"modified":"2025-09-03T17:08:15","modified_gmt":"2025-09-03T17:08:15","slug":"tout-le-monde-pensait-que-cette-plage-de-vendee-etait-trop-secrete-jusqua-ce-quelle-devienne-le-rendez-vous-des-familles","status":"publish","type":"post","link":"https:\/\/www.europesays.com\/fr\/363723\/","title":{"rendered":"Tout le monde pensait que cette plage de Vend\u00e9e \u00e9tait \u201ctrop secr\u00e8te\u201d \u2013 jusqu\u2019\u00e0 ce qu\u2019elle devienne le rendez-vous des familles"},"content":{"rendered":"<p>Je me souviens encore de ma premi\u00e8re d\u00e9couverte de la <strong>plage du Veillon<\/strong>, cette petite merveille cach\u00e9e de Vend\u00e9e que les locaux gardaient jalousement pour eux. \u00c0 l\u2019\u00e9poque, j\u2019avoue que j\u2019ai eu du mal \u00e0 la trouver ! Nich\u00e9e dans un \u00e9crin de verdure pr\u00e8s de Talmont-Saint-Hilaire, cette crique secr\u00e8te \u00e9tait le royaume des initi\u00e9s. Aujourd\u2019hui, je vous emm\u00e8ne \u00e0 la d\u00e9couverte de cette transformation fascinante qui en fait d\u00e9sormais <strong>l\u2019une des plages familiales<\/strong> les plus appr\u00e9ci\u00e9es de la c\u00f4te vend\u00e9enne.<\/p>\n<p>Du secret le mieux gard\u00e9 au ph\u00e9nom\u00e8ne touristique vend\u00e9en<\/p>\n<p>Pendant des ann\u00e9es, la plage du Veillon \u00e9tait ce qu\u2019on pourrait appeler un tr\u00e9sor cach\u00e9. J\u2019ai d\u00e9couvert cet endroit il y a quelques ann\u00e9es gr\u00e2ce \u00e0 un ami de la r\u00e9gion qui m\u2019avait fait promettre de ne pas trop en parler. L\u2019acc\u00e8s \u00e9tait alors confidentiel, presque initiatique, avec son petit sentier serpentant \u00e0 travers la for\u00eat domaniale.<\/p>\n<p>Ce qui me captivait le plus, c\u2019\u00e9tait cette <strong>atmosph\u00e8re pr\u00e9serv\u00e9e et sauvage<\/strong> qui r\u00e9gnait sur les lieux. La plage s\u2019\u00e9tendait sur pr\u00e8s de deux kilom\u00e8tres, bord\u00e9e par des dunes bois\u00e9es et offrant une vue imprenable sur l\u2019oc\u00e9an Atlantique. Les quelques habitu\u00e9s que je croisais semblaient partager un secret commun, celui de conna\u00eetre l\u2019un des plus beaux spots de Vend\u00e9e.<\/p>\n<p>Mais les r\u00e9seaux sociaux et le bouche-\u00e0-oreille ont eu raison de cette confidentialit\u00e9. Progressivement, la fr\u00e9quentation a augment\u00e9, attirant d\u2019abord les amateurs de nature authentique, puis les familles en qu\u00eate d\u2019un cadre exceptionnel pour leurs vacances. Cette \u00e9volution, je l\u2019ai observ\u00e9e saison apr\u00e8s saison avec un m\u00e9lange de nostalgie et d\u2019enthousiasme.<\/p>\n<p>Les atouts qui s\u00e9duisent d\u00e9sormais les familles vend\u00e9ennes<\/p>\n<p>Aujourd\u2019hui, je comprends parfaitement pourquoi les familles ont adopt\u00e9 la plage du Veillon. Ses <strong>caract\u00e9ristiques naturelles exceptionnelles<\/strong> en font un terrain de jeu id\u00e9al pour les enfants comme pour les parents. La pente douce de la plage permet aux plus jeunes de jouer en toute s\u00e9curit\u00e9, tandis que les espaces de baignade surveill\u00e9e rassurent les parents.<\/p>\n<p>Voici ce qui fait aujourd\u2019hui le succ\u00e8s de cette plage aupr\u00e8s des familles :<\/p>\n<ul>\n<li>Un acc\u00e8s facilit\u00e9 avec un parking gratuit et des cheminements am\u00e9nag\u00e9s<\/li>\n<li>Des zones de baignade adapt\u00e9es aux enfants avec une surveillance estivale<\/li>\n<li>Des aires de pique-nique ombrag\u00e9es sous les pins maritimes<\/li>\n<li>La pr\u00e9sence de sanitaires et d\u2019\u00e9quipements de base<\/li>\n<li>La proximit\u00e9 avec d\u2019autres sites touristiques vend\u00e9ens<\/li>\n<\/ul>\n<p>J\u2019ai remarqu\u00e9 que cette <strong>d\u00e9mocratisation de l\u2019acc\u00e8s<\/strong> s\u2019est accompagn\u00e9e d\u2019am\u00e9nagements respectueux de l\u2019environnement. Les autorit\u00e9s locales ont su pr\u00e9server l\u2019\u00e2me sauvage du lieu tout en le rendant plus accessible. Cette approche \u00e9quilibr\u00e9e me s\u00e9duit particuli\u00e8rement, car elle permet de concilier protection environnementale et plaisir familial.<\/p>\n<p>L\u2019impact de cette transformation sur le tourisme local<\/p>\n<p>Cette m\u00e9tamorphose de la plage du Veillon illustre parfaitement les enjeux du <strong>tourisme durable en Vend\u00e9e<\/strong>. J\u2019observe que cette \u00e9volution a g\u00e9n\u00e9r\u00e9 un cercle vertueux pour toute la r\u00e9gion. Les commerces locaux, les restaurants et les h\u00e9bergements ont b\u00e9n\u00e9fici\u00e9 de cette nouvelle attractivit\u00e9, cr\u00e9ant un \u00e9cosyst\u00e8me touristique dynamique.<\/p>\n<p>Le tableau ci-dessous illustre l\u2019\u00e9volution de la fr\u00e9quentation et de l\u2019offre touristique :<\/p>\n<tr>\nP\u00e9riode<br \/>\nFr\u00e9quentation estim\u00e9e<br \/>\nServices disponibles<br \/>\nImpact \u00e9conomique<br \/>\n<\/tr>\n<tr>\n<td>Avant 2015<\/td>\n<td>Confidentielle<\/td>\n<td>Aucun service<\/td>\n<td>Minimal<\/td>\n<\/tr>\n<tr>\n<td>2015-2020<\/td>\n<td>Croissance mod\u00e9r\u00e9e<\/td>\n<td>Surveillance estivale<\/td>\n<td>\u00c9mergent<\/td>\n<\/tr>\n<tr>\n<td>Depuis 2020<\/td>\n<td>Forte affluence familiale<\/td>\n<td>\u00c9quipements complets<\/td>\n<td>Significatif<\/td>\n<\/tr>\n<p>Cette transformation s\u2019inscrit dans une dynamique plus large de valorisation du littoral vend\u00e9en. D\u2019ailleurs, <a href=\"https:\/\/www.ttu.fr\/voyage\/cote-vendeenne-village-bord-mer-offre-cadre-vie-parfait-ralentir-3\/\" rel=\"nofollow noopener\" target=\"_blank\">sur la c\u00f4te vend\u00e9enne, certains villages en bord de mer offrent un cadre de vie parfait pour ralentir<\/a> et d\u00e9couvrir les richesses authentiques de cette r\u00e9gion.<\/p>\n<p>Une nouvelle identit\u00e9 entre pr\u00e9servation et partage<\/p>\n<p>Aujourd\u2019hui, la plage du Veillon a trouv\u00e9 son nouvel \u00e9quilibre. Elle n\u2019est plus ce secret bien gard\u00e9 d\u2019autrefois, mais elle a gagn\u00e9 une nouvelle identit\u00e9 en devenant <strong>un symbole du tourisme familial responsable<\/strong>. Cette \u00e9volution me attire car elle confirme qu\u2019il est possible de rendre accessible un site naturel exceptionnel sans pour autant le d\u00e9naturer.<\/p>\n<p>Ce changement refl\u00e8te aussi l\u2019\u00e9volution de nos modes de consommation touristique. Les familles recherchent d\u00e9sormais des exp\u00e9riences authentiques, loin des plages bond\u00e9es et artificielles. La plage du Veillon r\u00e9pond parfaitement \u00e0 cette attente en offrant un cadre naturel pr\u00e9serv\u00e9 tout en garantissant <strong>s\u00e9curit\u00e9 et confort pour tous<\/strong>.<\/p>\n<p><img loading=\"lazy\" decoding=\"async\" data-del=\"avatar\" alt=\"cecile\" src=\"data:image\/svg+xml,%3Csvg%20xmlns=\" http:=\"\" class=\"avatar pp-user-avatar avatar-100 photo \" height=\"100\" width=\"100\" data-lazy-src=\"https:\/\/www.europesays.com\/fr\/wp-content\/uploads\/2025\/04\/11-150x150.jpg\"\/><\/p>\n<p>Je suis C\u00e9cile, accro au lifestyle et \u00e0 tout ce qui am\u00e9liore le quotidien. Entre astuces bien-\u00eatre, tendances mode et nouveaut\u00e9s high-tech, je vous propose des articles qui m\u00ealent style, simplicit\u00e9 et efficacit\u00e9. Ici, on parle de tout ce qui vous inspire au quotidien !<\/p>\n","protected":false},"excerpt":{"rendered":"Je me souviens encore de ma premi\u00e8re d\u00e9couverte de la plage du Veillon, cette petite merveille cach\u00e9e de&hellip;\n","protected":false},"author":2,"featured_media":363724,"comment_status":"","ping_status":"","sticky":false,"template":"","format":"standard","meta":{"footnotes":""},"categories":[7],"tags":[1011,27,43,40,41,39,42,44],"class_list":{"0":"post-363723","1":"post","2":"type-post","3":"status-publish","4":"format-standard","5":"has-post-thumbnail","7":"category-sciences-et-technologies","8":"tag-fr","9":"tag-france","10":"tag-science","11":"tag-science-and-technology","12":"tag-sciences","13":"tag-sciences-et-technologies","14":"tag-technologies","15":"tag-technology"},"share_on_mastodon":{"url":"https:\/\/pubeurope.com\/@fr\/115141470050200119","error":""},"_links":{"self":[{"href":"https:\/\/www.europesays.com\/fr\/wp-json\/wp\/v2\/posts\/363723","targetHints":{"allow":["GET"]}}],"collection":[{"href":"https:\/\/www.europesays.com\/fr\/wp-json\/wp\/v2\/posts"}],"about":[{"href":"https:\/\/www.europesays.com\/fr\/wp-json\/wp\/v2\/types\/post"}],"author":[{"embeddable":true,"href":"https:\/\/www.europesays.com\/fr\/wp-json\/wp\/v2\/users\/2"}],"replies":[{"embeddable":true,"href":"https:\/\/www.europesays.com\/fr\/wp-json\/wp\/v2\/comments?post=363723"}],"version-history":[{"count":0,"href":"https:\/\/www.europesays.com\/fr\/wp-json\/wp\/v2\/posts\/363723\/revisions"}],"wp:featuredmedia":[{"embeddable":true,"href":"https:\/\/www.europesays.com\/fr\/wp-json\/wp\/v2\/media\/363724"}],"wp:attachment":[{"href":"https:\/\/www.europesays.com\/fr\/wp-json\/wp\/v2\/media?parent=363723"}],"wp:term":[{"taxonomy":"category","embeddable":true,"href":"https:\/\/www.europesays.com\/fr\/wp-json\/wp\/v2\/categories?post=363723"},{"taxonomy":"post_tag","embeddable":true,"href":"https:\/\/www.europesays.com\/fr\/wp-json\/wp\/v2\/tags?post=363723"}],"curies":[{"name":"wp","href":"https:\/\/api.w.org\/{rel}","templated":true}]}}