{"id":363725,"date":"2025-09-03T17:09:10","date_gmt":"2025-09-03T17:09:10","guid":{"rendered":"https:\/\/www.europesays.com\/fr\/363725\/"},"modified":"2025-09-03T17:09:10","modified_gmt":"2025-09-03T17:09:10","slug":"pres-de-bordeaux-lidl-accuse-de-licencier-les-salaries-qui-disent-non","status":"publish","type":"post","link":"https:\/\/www.europesays.com\/fr\/363725\/","title":{"rendered":"pr\u00e8s de Bordeaux, Lidl accus\u00e9 de licencier les salari\u00e9s \u00ab\u00a0qui disent non\u00a0\u00bb"},"content":{"rendered":"<p>\u00ab\u00a0On a l\u2019impression que cette direction se prend pour Dieu.\u00a0\u00bb G\u00e9rard, ex-op\u00e9rateur logistique sur la plateforme r\u00e9gionale de Lidl, \u00e0 Cestas, r\u00e9sume ainsi le sentiment partag\u00e9 par beaucoup. En CDI depuis quatre ans, il a \u00e9t\u00e9 licenci\u00e9 en avril 2025. Son cas n\u2019est pas isol\u00e9. Entre janvier et juillet de cette ann\u00e9e, une dizaine d\u2019op\u00e9rateurs logistiques en CDI ont \u00e9t\u00e9 remerci\u00e9s par l\u2019enseigne de hard discount.<\/p>\n<p>G\u00e9rard reprend\u00a0: il a \u00e9t\u00e9 victime d\u2019un premier accident du travail en 2023. Une \u00e9picondylite, une l\u00e9sion des tendons de l\u2019avant-bras, due aux gestes r\u00e9p\u00e9titifs qu\u2019il accomplit dans l\u2019entrep\u00f4t. En avril, \u00ab\u00a0\u00e7a l\u00e2che de nouveau\u00a0\u00bb, explique-t-il. Son m\u00e9decin lui prescrit un arr\u00eat \u00ab\u00a0en rapport avec un accident du travail\u00a0\u00bb, selon le document, jusqu\u2019au 2\u00a0juillet. Date \u00e0 partir de laquelle la m\u00e9decin pr\u00e9conise un temps partiel\u00a0pour un mois\u00a0: \u00ab\u00a0Quatre demi-journ\u00e9es travaill\u00e9es avec une journ\u00e9e de pause au milieu.\u00a0\u00bb<\/p>\n<p>Licenci\u00e9s pendant un arr\u00eat maladie<\/p>\n<p>Mais \u00e0 son retour dans l\u2019entreprise d\u00e9but juillet, G\u00e9rard apprend avec surprise qu\u2019il a \u00e9t\u00e9 licenci\u00e9 le 2\u00a0mai. La direction de Lidl<strong> <\/strong>avance que sa lettre de licenciement aurait \u00e9t\u00e9 envoy\u00e9e \u00e0 une mauvaise adresse, de m\u00eame que le courrier de mise en demeure qui lui a \u00e9t\u00e9 adress\u00e9 quinze\u00a0jours plus tard. Quant au motif de son licenciement, la direction lui reproche de s\u2019\u00eatre absent\u00e9 un mois de l\u2019entreprise sans justification. Pourtant, l\u2019un des coll\u00e8gues de G\u00e9rard atteste par \u00e9crit avoir remis les arr\u00eats de travail dans la bo\u00eete aux lettres de la direction des ressources humaines d\u2019avril \u00e0 juin.<\/p>\n<p>Alors qu\u2019en f\u00e9vrier dernier, <a href=\"https:\/\/www.sudouest.fr\/economie\/social\/greve-chez-lidl-une-cinquantaine-de-salaries-mobilises-devant-la-direction-regionale-a-cestas-on-est-a-bout-23161064.php\" target=\"_blank\" rel=\"follow nofollow noopener\">une cinquantaine de salari\u00e9s alertaient sur le risque de multiplication des accidents et des arr\u00eats de travail<\/a>, deux\u00a0autres employ\u00e9s de Lidl ont \u00e9t\u00e9 licenci\u00e9s au cours d\u2019un arr\u00eat maladie. C\u2019est le cas de Seyna, en arr\u00eat du 26\u00a0juin au 31\u00a0juillet, dont le contrat est rompu le 22\u00a0juillet. C\u2019est par un courrier de France Travail que le quadrag\u00e9naire apprend qu\u2019il est mis \u00e0 la porte pour \u00ab\u00a0faute grave\u00a0\u00bb. Comme dans le cas de G\u00e9rard, Seyna indique qu\u2019il n\u2019a pas re\u00e7u sa lettre de licenciement de la part de Lidl.<\/p>\n<p>Si le licenciement d\u2019un salari\u00e9 en arr\u00eat de travail par une entreprise peut \u00eatre consid\u00e9r\u00e9 comme une discrimination li\u00e9e \u00e0 la sant\u00e9, il n\u2019est pas interdit. Cette situation est n\u00e9anmoins soumise \u00e0 des cas exceptionnels, si \u00ab\u00a0<a href=\"https:\/\/www.service-public.fr\/particuliers\/vosdroits\/F133#3\" target=\"_blank\" rel=\"nofollow noopener\">son absence perturbe le fonctionnement de l\u2019entreprise, en cas de difficult\u00e9s \u00e9conomiques, pour motif disciplinaire [ou] pour inaptitude<\/a>\u00a0\u00bb.<\/p>\n<p>\u00ab\u00a0Comportement n\u00e9gligent\u00a0\u00bb<\/p>\n<p>Des exceptions que la direction de la plateforme logistique invoque r\u00e9guli\u00e8rement.\u00a0Dans le cas de St\u00e9phane, op\u00e9rateur logistique en CDI, la lettre de licenciement qu\u2019il re\u00e7oit le 28\u00a0juillet rel\u00e8ve son non-respect des horaires de travail et des temps de pause, \u00ab\u00a0d\u00e9montrant un comportement n\u00e9gligent\u00a0\u00bb, selon la direction.<\/p>\n<p>Sur l\u2019enregistrement audio r\u00e9alis\u00e9 par St\u00e9phane avec son t\u00e9l\u00e9phone portable lors de son entretien pr\u00e9alable au licenciement, le 11\u00a0juillet, on entend son responsable lui expliquer pourtant\u00a0qu\u2019il n\u2019y a \u00ab\u00a0pas de probl\u00e8me sur le nombre de retards\u00a0\u00bb. Avant de lui lister n\u00e9anmoins les 11\u00a0temps de pause qu\u2019il a d\u00e9pass\u00e9s de quatre minutes en moyenne, sur deux mois. \u00ab\u00a0Je ne compte m\u00eame pas les secondes\u00a0\u00bb, lui lance son responsable, avant de poursuivre\u00a0: \u00ab\u00a0Aujourd\u2019hui, tu le sais, on a tous un job d\u2019objectifs de colis port\u00e9s \u00e0 rendre.\u00a0\u00bb<\/p>\n<p>Faut-il voir dans cette remarque la cause r\u00e9elle des d\u00e9boires de St\u00e9phane et de ses compagnons d\u2019infortune\u00a0? L\u2019ex-employ\u00e9 bordelais, comme la quasi-totalit\u00e9 de ses coll\u00e8gues licenci\u00e9s avant et apr\u00e8s lui, a remis en cause ce syst\u00e8me d\u2019objectifs \u00e0 plusieurs reprises.<\/p>\n<p>\u00ab\u00a0Je ne suis pas une machine\u00a0\u00bb<\/p>\n<p>En t\u00e9moignent deux autres entretiens auxquels il a \u00e9t\u00e9 convoqu\u00e9 avant son licenciement\u00a0; entretiens qu\u2019il a \u00e9galement enregistr\u00e9s. \u00ab\u00a0C\u2019est normal de ne pas faire l\u2019objectif tout le temps, sinon tu cours comme une b\u00eate\u00a0\u00bb, insiste-t-il face \u00e0 un responsable, lors d\u2019une convocation, le 7\u00a0janvier. Et d\u2019ajouter\u00a0: \u00ab\u00a0On parle d\u2019objectifs ou de quotas\u00a0? \u00c7a n\u2019a rien \u00e0 voir.\u00a0\u00bb Un argumentaire qu\u2019il reprend le 24\u00a0avril, lors d\u2019une nouvelle convocation\u00a0: \u00ab\u00a0Arr\u00eatez de jouer avec les mots. L\u2019objectif est-il obligatoire\u00a0? Vous ne pensez qu\u2019aux chiffres. Je ne suis pas une machine, il y a des jours o\u00f9 on est bien et des jours o\u00f9 on est moins bien.\u00a0\u00bb Ce \u00e0 quoi il lui est r\u00e9pondu\u00a0: \u00ab\u00a0Tu es capable [de tenir les objectifs, NDLR], mais pour moi, tu ne veux pas. Je ne dirai pas pour nous faire chier mais\u2026 \u00c7a me rend perplexe.\u00a0\u00bb<\/p>\n<p>Chez St\u00e9phane, comme chez les autres licenci\u00e9s, le doute subsiste quant au motif r\u00e9el de leur licenciement. \u00ab\u00a0Ils cherchent la petite b\u00eate\u00a0\u00bb, estime Mostafa, qui affirme avoir \u00e9t\u00e9 licenci\u00e9 apr\u00e8s avoir demand\u00e9 \u00e0 changer d\u2019horaires pendant le ramadan. \u00ab\u00a0Ils n\u2019aiment pas qu\u2019on leur tienne t\u00eate.\u00a0\u00bb Laurent (1) et G\u00e9rard partagent cette opinion\u00a0: la direction se s\u00e9parerait des salari\u00e9s \u00ab\u00a0qui disent non\u00a0\u00bb, \u00ab\u00a0d\u00e8s que vous parlez un peu trop, que vous haussez le ton\u00a0\u00bb. D\u00e9sormais salari\u00e9 d\u2019une autre grande cha\u00eene de magasins, Mostafa, dans le m\u00e9tier depuis dix-sept\u00a0ans, t\u00e9moigne\u00a0: \u00ab\u00a0Ailleurs, on ne nous demande pas d\u2019objectifs par jour. Tant qu\u2019on fait le travail proprement, tout se passe bien. Ce n\u2019est qu\u2019\u00e0 Lidl que \u00e7a s\u2019est mal pass\u00e9.\u00a0\u00bb<\/p>\n<p>Malgr\u00e9 nos sollicitations, Lidl n\u2019a finalement pas souhait\u00e9 r\u00e9pondre \u00e0 nos questions. Au moins un des salari\u00e9s licenci\u00e9s va intenter une action aux prud\u2019hommes, tandis qu\u2019un autre r\u00e9fl\u00e9chit aux suites \u00e0 donner \u00e0 l\u2019affaire.<\/p>\n<p>(1) Le pr\u00e9nom a \u00e9t\u00e9 chang\u00e9 \u00e0 sa demande.<\/p>\n","protected":false},"excerpt":{"rendered":"\u00ab\u00a0On a l\u2019impression que cette direction se prend pour Dieu.\u00a0\u00bb G\u00e9rard, ex-op\u00e9rateur logistique sur la plateforme r\u00e9gionale de&hellip;\n","protected":false},"author":2,"featured_media":363726,"comment_status":"","ping_status":"","sticky":false,"template":"","format":"standard","meta":{"footnotes":""},"categories":[6],"tags":[35,33,34,1011,27],"class_list":{"0":"post-363725","1":"post","2":"type-post","3":"status-publish","4":"format-standard","5":"has-post-thumbnail","7":"category-economie","8":"tag-business","9":"tag-economie","10":"tag-economy","11":"tag-fr","12":"tag-france"},"share_on_mastodon":{"url":"https:\/\/pubeurope.com\/@fr\/115141474012923921","error":""},"_links":{"self":[{"href":"https:\/\/www.europesays.com\/fr\/wp-json\/wp\/v2\/posts\/363725","targetHints":{"allow":["GET"]}}],"collection":[{"href":"https:\/\/www.europesays.com\/fr\/wp-json\/wp\/v2\/posts"}],"about":[{"href":"https:\/\/www.europesays.com\/fr\/wp-json\/wp\/v2\/types\/post"}],"author":[{"embeddable":true,"href":"https:\/\/www.europesays.com\/fr\/wp-json\/wp\/v2\/users\/2"}],"replies":[{"embeddable":true,"href":"https:\/\/www.europesays.com\/fr\/wp-json\/wp\/v2\/comments?post=363725"}],"version-history":[{"count":0,"href":"https:\/\/www.europesays.com\/fr\/wp-json\/wp\/v2\/posts\/363725\/revisions"}],"wp:featuredmedia":[{"embeddable":true,"href":"https:\/\/www.europesays.com\/fr\/wp-json\/wp\/v2\/media\/363726"}],"wp:attachment":[{"href":"https:\/\/www.europesays.com\/fr\/wp-json\/wp\/v2\/media?parent=363725"}],"wp:term":[{"taxonomy":"category","embeddable":true,"href":"https:\/\/www.europesays.com\/fr\/wp-json\/wp\/v2\/categories?post=363725"},{"taxonomy":"post_tag","embeddable":true,"href":"https:\/\/www.europesays.com\/fr\/wp-json\/wp\/v2\/tags?post=363725"}],"curies":[{"name":"wp","href":"https:\/\/api.w.org\/{rel}","templated":true}]}}