{"id":363727,"date":"2025-09-03T17:10:12","date_gmt":"2025-09-03T17:10:12","guid":{"rendered":"https:\/\/www.europesays.com\/fr\/363727\/"},"modified":"2025-09-03T17:10:12","modified_gmt":"2025-09-03T17:10:12","slug":"lei-revendique-lattentat-suicide-meurtrier-contre-un-meeting-politique-au-pakistan-actualites","status":"publish","type":"post","link":"https:\/\/www.europesays.com\/fr\/363727\/","title":{"rendered":"L&rsquo;EI revendique l&rsquo;attentat-suicide meurtrier contre un meeting politique au Pakistan : Actualit\u00e9s"},"content":{"rendered":"<p class=\"lead \">Le groupe Etat islamique (EI) a revendiqu\u00e9 mercredi  l&rsquo;attentat-suicide qui a fait la veille au soir 15 morts lors d&rsquo;un meeting d&rsquo;un parti baloutche, dans le sud-ouest du Pakistan.<\/p>\n<p class=\"lead \">La turbulente province du Baloutchistan, aux confins de l&rsquo;Iran et de l&rsquo;Afghanistan, est r\u00e9guli\u00e8rement le th\u00e9\u00e2tre de violences. Elles sont g\u00e9n\u00e9ralement le fait de jihadistes, souvent de la branche r\u00e9gionale de l&rsquo;EI, EI-Khorassan, ou de l&rsquo;EI-province du Pakistan, ou de s\u00e9paratistes baloutches, qui disent lutter pour en finir avec la discrimination des baloutches sur leurs terres, riches en minerais et en hydrocarbures, une manne captur\u00e9e par investisseurs \u00e9trangers et autorit\u00e9s f\u00e9d\u00e9rales selon eux.<\/p>\n<p class=\"lead \">Si les jihadistes de l&rsquo;EI consid\u00e8rent l&rsquo;ensemble des partis politiques et des institutions \u00e9tatiques comme h\u00e9r\u00e9tiques, il est rare qu&rsquo;ils s&rsquo;en prennent aux militants de la cause baloutche.<\/p>\n<p class=\"lead \">Pourtant, mardi soir, sur le parking d&rsquo;un stade de Quetta, chef-lieu du Baloutchistan, alors que les centaines de participants au rassemblement du Balochistan National Party (BNP) se dispersaient, un kamikaze dont l&rsquo;EI a publi\u00e9 une photo, le visage cach\u00e9 par un foulard, s&rsquo;est fait exploser.<\/p>\n<p class=\"lead \">L&rsquo;homme, que les autorit\u00e9s ont pr\u00e9sent\u00e9 comme \u00e2g\u00e9 de 30 ans, a d\u00e9clench\u00e9 le d\u00e9tonateur de sa charge explosive \u00ab\u00a0de huit kilogrammes\u00a0\u00bb, a expliqu\u00e9 mercredi Hamza Shafqat, ministre de l&rsquo;Int\u00e9rieur du Baloutchistan.  <\/p>\n<p class=\"lead \">Quinze personnes sont mortes et 38 autres ont \u00e9t\u00e9 bless\u00e9es dans cette attaque, a-t-il poursuivi. Pour beaucoup, des membres du BNP.<\/p>\n<p class=\"lead \">Son leader, Akhtar Mengal, qui repartait du meeting apr\u00e8s avoir d\u00e9livr\u00e9 un discours au moment de l&rsquo;attaque, s&rsquo;est dit sur X \u00ab\u00a0sain et sauf\u00a0\u00bb, mais \u00ab\u00a0d\u00e9vast\u00e9 par la perte de partisans\u00a0\u00bb.  <\/p>\n<p class=\"lead \">Au Baloutchistan, officiellement, 70% des habitants sont pauvres, alors que le sous-sol renferme parmi les plus grands gisements de minerais non exploit\u00e9s au monde et que des m\u00e9ga-projets, notamment chinois, d\u00e9gagent d&rsquo;importants revenus.<\/p>\n<p class=\"lead \">&#8211; \u00ab\u00a0Douze heures\u00a0\u00bb de tirs &#8211;<\/p>\n<p class=\"lead \">Une insurrection arm\u00e9e prosp\u00e8re sur ce terreau et la province a connu en 2024 la plus forte hausse de violences au Pakistan : de 90%, selon le Centre pour la recherche et les \u00e9tudes sur la s\u00e9curit\u00e9 d&rsquo;Islamabad, avec 782 morts.<\/p>\n<p class=\"lead \">Un groupe s\u00e9paratiste y avait men\u00e9 en mars une spectaculaire prise d&rsquo;otages dans un train. <\/p>\n<p class=\"lead \">Depuis le 1er janvier, selon un d\u00e9compte de l&rsquo;AFP, plus de 430 personnes, en majorit\u00e9 membres des forces de s\u00e9curit\u00e9, ont \u00e9t\u00e9 tu\u00e9es dans des violences men\u00e9es par des groupes arm\u00e9s en lutte contre l&rsquo;Etat, au Baloutchistan comme dans la province voisine du Khyber-Pakhtunkhwa.<\/p>\n<p class=\"lead \">De nouveau mardi, au Baloutchistan, cinq paramilitaires ont \u00e9t\u00e9 tu\u00e9s et quatre bless\u00e9s lors de l&rsquo;explosion d&rsquo;une bombe artisanale au passage de leur convoi dans un district proche de la fronti\u00e8re iranienne, a rapport\u00e9 \u00e0 l&rsquo;AFP un haut fonctionnaire local. <\/p>\n<p class=\"lead \">En outre, six soldats ont \u00e9t\u00e9 tu\u00e9s dans une attaque sur un QG de troupes paramilitaires au Khyber-Pakhtunkhwa, a rapport\u00e9 l&rsquo;arm\u00e9e. Dix-sept personnes, dont des civils, ont \u00e9t\u00e9 bless\u00e9es, a ajout\u00e9 un responsable local, dans cette attaque revendiqu\u00e9e par un groupuscule li\u00e9 aux talibans pakistanais.<\/p>\n<p class=\"lead \">Les \u00e9changes de tirs entre les forces de s\u00e9curit\u00e9 et des hommes arm\u00e9s ayant lanc\u00e9 l&rsquo;assaut sur la caserne avec \u00ab\u00a0une voiture b\u00e9lier puis cinq kamikazes\u00a0\u00bb, selon ce responsable de l&rsquo;administration locale, ont dur\u00e9 \u00ab\u00a0douze heures\u00a0\u00bb avant que les \u00ab\u00a0six terroristes (soient) tu\u00e9s\u00a0\u00bb.<\/p>\n<p class=\"lead \">L&rsquo;ann\u00e9e 2024 a \u00e9t\u00e9 la plus meurtri\u00e8re en pr\u00e8s d&rsquo;une d\u00e9cennie au Pakistan, avec plus de 1.600 morts, pour pr\u00e8s de la moiti\u00e9 des soldats et policiers, selon le Centre pour la recherche et les \u00e9tudes sur la s\u00e9curit\u00e9 d&rsquo;Islamabad.<\/p>\n<p class=\"small font-weight-bold text-gray3 \"> publi\u00e9 le 3 septembre \u00e0 18h12, AFP<\/p>\n<p>                             Partager<\/p>\n","protected":false},"excerpt":{"rendered":"Le groupe Etat islamique (EI) a revendiqu\u00e9 mercredi l&rsquo;attentat-suicide qui a fait la veille au soir 15 morts&hellip;\n","protected":false},"author":2,"featured_media":363728,"comment_status":"","ping_status":"","sticky":false,"template":"","format":"standard","meta":{"footnotes":""},"categories":[5],"tags":[11,5581,1011,27,14,12,14488,316,30838,28],"class_list":{"0":"post-363727","1":"post","2":"type-post","3":"status-publish","4":"format-standard","5":"has-post-thumbnail","7":"category-international","8":"tag-actualites","9":"tag-attentat","10":"tag-fr","11":"tag-france","12":"tag-international","13":"tag-news","14":"tag-pakistan","15":"tag-politique","16":"tag-troubles","17":"tag-world"},"share_on_mastodon":{"url":"https:\/\/pubeurope.com\/@fr\/115141477965604504","error":""},"_links":{"self":[{"href":"https:\/\/www.europesays.com\/fr\/wp-json\/wp\/v2\/posts\/363727","targetHints":{"allow":["GET"]}}],"collection":[{"href":"https:\/\/www.europesays.com\/fr\/wp-json\/wp\/v2\/posts"}],"about":[{"href":"https:\/\/www.europesays.com\/fr\/wp-json\/wp\/v2\/types\/post"}],"author":[{"embeddable":true,"href":"https:\/\/www.europesays.com\/fr\/wp-json\/wp\/v2\/users\/2"}],"replies":[{"embeddable":true,"href":"https:\/\/www.europesays.com\/fr\/wp-json\/wp\/v2\/comments?post=363727"}],"version-history":[{"count":0,"href":"https:\/\/www.europesays.com\/fr\/wp-json\/wp\/v2\/posts\/363727\/revisions"}],"wp:featuredmedia":[{"embeddable":true,"href":"https:\/\/www.europesays.com\/fr\/wp-json\/wp\/v2\/media\/363728"}],"wp:attachment":[{"href":"https:\/\/www.europesays.com\/fr\/wp-json\/wp\/v2\/media?parent=363727"}],"wp:term":[{"taxonomy":"category","embeddable":true,"href":"https:\/\/www.europesays.com\/fr\/wp-json\/wp\/v2\/categories?post=363727"},{"taxonomy":"post_tag","embeddable":true,"href":"https:\/\/www.europesays.com\/fr\/wp-json\/wp\/v2\/tags?post=363727"}],"curies":[{"name":"wp","href":"https:\/\/api.w.org\/{rel}","templated":true}]}}