{"id":363729,"date":"2025-09-03T17:11:13","date_gmt":"2025-09-03T17:11:13","guid":{"rendered":"https:\/\/www.europesays.com\/fr\/363729\/"},"modified":"2025-09-03T17:11:13","modified_gmt":"2025-09-03T17:11:13","slug":"letat-condamne-pour-faute-lourde-dans-lenquete-sur-la-disparition-de-la-fillette-en-2003-2","status":"publish","type":"post","link":"https:\/\/www.europesays.com\/fr\/363729\/","title":{"rendered":"l\u2019Etat condamn\u00e9 pour faute lourde dans l\u2019enqu\u00eate sur la disparition de la fillette en\u00a02003"},"content":{"rendered":"<p>                          <img loading=\"lazy\" decoding=\"async\" src=\"https:\/\/www.europesays.com\/fr\/wp-content\/uploads\/2025\/09\/6609692_ftp-import-images-1-i0nq8l4miqbk-5765997-01-06.jpg\" alt=\"Estelle Mouzin, disparue \u00e0 l\u2019\u00e2ge de 9\u00a0ans en 2003, victime de Michel Fourniret. \"   width=\"664\" height=\"443\"\/>    Estelle Mouzin, disparue \u00e0 l\u2019\u00e2ge de 9\u00a0ans en 2003, victime de Michel Fourniret.  HANDOUT \/ AFP                          <\/p>\n<p class=\"article__paragraph  \">Le tribunal judiciaire de Paris a condamn\u00e9, mercredi 3\u00a0septembre, l\u2019Etat pour faute lourde dans l\u2019enqu\u00eate sur la disparition d\u2019Estelle Mouzin, victime de Michel Fourniret disparue il y a plus de vingt ans, selon une d\u00e9cision consult\u00e9e par l\u2019Agence France-Presse (AFP).<\/p>\n<p class=\"article__paragraph  \">\u00ab\u00a0Le manque de moyens humains et les dysfonctionnements\u00a0\u00bb dans ces investigations \u00ab\u00a0constituent une faute lourde et engagent \u00e0 ce titre la responsabilit\u00e9 de l\u2019Etat\u00a0\u00bb, pr\u00e9cise le tribunal, le condamnant \u00e0 payer 50\u00a0000\u00a0euros au titre du pr\u00e9judice moral \u00e0 Eric Mouzin, le p\u00e8re de la fillette disparue en\u00a02003 \u00e0 l\u2019\u00e2ge de 9\u00a0ans.<\/p>\n<p>   Lire plus tard  <\/p>\n<p class=\"author__detail\">  Le Monde avec AFP  <\/p>\n<p>L\u2019espace des contributions est r\u00e9serv\u00e9 aux abonn\u00e9s.<\/p>\n<p>Abonnez-vous pour acc\u00e9der \u00e0 cet espace d\u2019\u00e9change et contribuer \u00e0 la discussion.<\/p>\n<p>    <a href=\"https:\/\/abo.lemonde.fr\/?lmd_medium=BOUTONS_LMFR&amp;lmd_campaign=CONTRIBUTION_ARTICLE\" class=\"btn btn--premium js-btn-premium\" rel=\"nofollow noopener\" target=\"_blank\">S\u2019abonner<\/a>          <\/p>\n<p class=\"comments__active comments__tooltip\">Contribuer<\/p>\n<p>      <a href=\"https:\/\/www.lemonde.fr\/syndication\/\" class=\"reuse__content\" title=\"R\u00e9utiliser ce contenu\" target=\"_blank\" rel=\"nofollow noopener\">R\u00e9utiliser ce contenu<\/a>      <\/p>\n","protected":false},"excerpt":{"rendered":"Estelle Mouzin, disparue \u00e0 l\u2019\u00e2ge de 9\u00a0ans en 2003, victime de Michel Fourniret. HANDOUT \/ AFP Le tribunal&hellip;\n","protected":false},"author":2,"featured_media":363730,"comment_status":"","ping_status":"","sticky":false,"template":"","format":"standard","meta":{"footnotes":""},"categories":[4],"tags":[11,1011,27,12,25],"class_list":{"0":"post-363729","1":"post","2":"type-post","3":"status-publish","4":"format-standard","5":"has-post-thumbnail","7":"category-france","8":"tag-actualites","9":"tag-fr","10":"tag-france","11":"tag-news","12":"tag-republique-francaise"},"share_on_mastodon":{"url":"https:\/\/pubeurope.com\/@fr\/115141482220051127","error":""},"_links":{"self":[{"href":"https:\/\/www.europesays.com\/fr\/wp-json\/wp\/v2\/posts\/363729","targetHints":{"allow":["GET"]}}],"collection":[{"href":"https:\/\/www.europesays.com\/fr\/wp-json\/wp\/v2\/posts"}],"about":[{"href":"https:\/\/www.europesays.com\/fr\/wp-json\/wp\/v2\/types\/post"}],"author":[{"embeddable":true,"href":"https:\/\/www.europesays.com\/fr\/wp-json\/wp\/v2\/users\/2"}],"replies":[{"embeddable":true,"href":"https:\/\/www.europesays.com\/fr\/wp-json\/wp\/v2\/comments?post=363729"}],"version-history":[{"count":0,"href":"https:\/\/www.europesays.com\/fr\/wp-json\/wp\/v2\/posts\/363729\/revisions"}],"wp:featuredmedia":[{"embeddable":true,"href":"https:\/\/www.europesays.com\/fr\/wp-json\/wp\/v2\/media\/363730"}],"wp:attachment":[{"href":"https:\/\/www.europesays.com\/fr\/wp-json\/wp\/v2\/media?parent=363729"}],"wp:term":[{"taxonomy":"category","embeddable":true,"href":"https:\/\/www.europesays.com\/fr\/wp-json\/wp\/v2\/categories?post=363729"},{"taxonomy":"post_tag","embeddable":true,"href":"https:\/\/www.europesays.com\/fr\/wp-json\/wp\/v2\/tags?post=363729"}],"curies":[{"name":"wp","href":"https:\/\/api.w.org\/{rel}","templated":true}]}}