{"id":363735,"date":"2025-09-03T17:14:10","date_gmt":"2025-09-03T17:14:10","guid":{"rendered":"https:\/\/www.europesays.com\/fr\/363735\/"},"modified":"2025-09-03T17:14:10","modified_gmt":"2025-09-03T17:14:10","slug":"un-sondage-pour-determiner-la-tete-de-liste-de-saint-etienne-ensemble-2026-pour-les-municipales","status":"publish","type":"post","link":"https:\/\/www.europesays.com\/fr\/363735\/","title":{"rendered":"Un sondage pour d\u00e9terminer la t\u00eate de liste de Saint-\u00c9tienne ensemble 2026 pour les municipales"},"content":{"rendered":"<p>Le droite et le centre se mettent en ordre de bataille avant les municipales \u00e0 Saint-Etienne. Le collectif Saint-\u00c9tienne Ensemble 20026 a command\u00e9 un sondage pour se choisir sa t\u00eate de liste. Les r\u00e9sultats seront connus autour du 15 septembre.\n<\/p>\n<p>Le collectif Saint-Etienne ensemble 2026 a command\u00e9 <strong>un sondage aupr\u00e8s de l&rsquo;institut IFOP<\/strong> pour d\u00e9signer son ou sa chef de file pour les \u00e9lections municipales de 2026.\u00a0<strong>Sept partis<\/strong> se sont regroup\u00e9s (fin mai) au sein de ce collectif pour tenter de s&#8217;emparer de la mairie de Saint-\u00c9tienne.\u00a0Il s&rsquo;agit des LR, de l&rsquo;UDI, du Modem, de Renaissance, du parti radical, des radicaux de gauche et d&rsquo;Horizon.<\/p>\n<p>Entre 4 et 5 000 St\u00e9phanois vont donc recevoir entre le 3 et le 8 septembre un coup de t\u00e9l\u00e9phone, 4 \u00e0 5 000 pour retentir 600 d\u00e9clarations.\u00a0Parce qu&rsquo;il faut que les sond\u00e9s r\u00e9pondent \u00e0 diff\u00e9rents crit\u00e8res, pour que <strong>l&rsquo;\u00e9chantillon soit repr\u00e9sentatif de la population<\/strong> st\u00e9phanoise (c&rsquo;est la m\u00e9thode des quotas)\u00a0en fonction des \u00e2ges, du sexe, de la profession et des quartiers d&rsquo;origine.<\/p>\n<p>Les sond\u00e9s devront donner leur avis sur <strong>cinq candidats<\/strong> issus du collectif\u00a0: Quentin Bataillon pour Renaissance, Zahra Bencharif pour le PRG, Alain Berth\u00e9as pour le Parti Radical, Lionel Boucher pour l&rsquo;UDI, et Dino Cinieri pour les Les R\u00e9publicains.<\/p>\n<p><strong>Quatre questions<\/strong> seront pos\u00e9es aux sond\u00e9s pour \u00e9valuer la <strong>notori\u00e9t\u00e9<\/strong> des diff\u00e9rentes personnalit\u00e9s politiques, leur <strong>popularit\u00e9<\/strong>,\u00a0leur capacit\u00e9\u00a0 \u00e0 faire un <strong>bon maire<\/strong> de Saint-Etienne et enfin comprendre quelle personnalit\u00e9 politique est <strong>souhait\u00e9e<\/strong> pour conduire la liste du centre et de la droite.<\/p>\n<p>La d\u00e9signation de la t\u00eate de liste doit \u00eatre annonc\u00e9e vers le 15 septembre.<\/p>\n","protected":false},"excerpt":{"rendered":"Le droite et le centre se mettent en ordre de bataille avant les municipales \u00e0 Saint-Etienne. Le collectif&hellip;\n","protected":false},"author":2,"featured_media":363736,"comment_status":"","ping_status":"","sticky":false,"template":"","format":"standard","meta":{"footnotes":""},"categories":[9653],"tags":[1111,11,2430,1777,674,1011,27,12,25,4001],"class_list":{"0":"post-363735","1":"post","2":"type-post","3":"status-publish","4":"format-standard","5":"has-post-thumbnail","7":"category-saint-etienne","8":"tag-actu","9":"tag-actualites","10":"tag-auvergne-rhone-alpes","11":"tag-eu","12":"tag-europe","13":"tag-fr","14":"tag-france","15":"tag-news","16":"tag-republique-francaise","17":"tag-saint-etienne"},"share_on_mastodon":{"url":"https:\/\/pubeurope.com\/@fr\/115141493725507406","error":""},"_links":{"self":[{"href":"https:\/\/www.europesays.com\/fr\/wp-json\/wp\/v2\/posts\/363735","targetHints":{"allow":["GET"]}}],"collection":[{"href":"https:\/\/www.europesays.com\/fr\/wp-json\/wp\/v2\/posts"}],"about":[{"href":"https:\/\/www.europesays.com\/fr\/wp-json\/wp\/v2\/types\/post"}],"author":[{"embeddable":true,"href":"https:\/\/www.europesays.com\/fr\/wp-json\/wp\/v2\/users\/2"}],"replies":[{"embeddable":true,"href":"https:\/\/www.europesays.com\/fr\/wp-json\/wp\/v2\/comments?post=363735"}],"version-history":[{"count":0,"href":"https:\/\/www.europesays.com\/fr\/wp-json\/wp\/v2\/posts\/363735\/revisions"}],"wp:featuredmedia":[{"embeddable":true,"href":"https:\/\/www.europesays.com\/fr\/wp-json\/wp\/v2\/media\/363736"}],"wp:attachment":[{"href":"https:\/\/www.europesays.com\/fr\/wp-json\/wp\/v2\/media?parent=363735"}],"wp:term":[{"taxonomy":"category","embeddable":true,"href":"https:\/\/www.europesays.com\/fr\/wp-json\/wp\/v2\/categories?post=363735"},{"taxonomy":"post_tag","embeddable":true,"href":"https:\/\/www.europesays.com\/fr\/wp-json\/wp\/v2\/tags?post=363735"}],"curies":[{"name":"wp","href":"https:\/\/api.w.org\/{rel}","templated":true}]}}