{"id":363739,"date":"2025-09-03T17:17:20","date_gmt":"2025-09-03T17:17:20","guid":{"rendered":"https:\/\/www.europesays.com\/fr\/363739\/"},"modified":"2025-09-03T17:17:20","modified_gmt":"2025-09-03T17:17:20","slug":"asnl-batir-la-saison-pas-a-pas-pour-redefinir-ses-ambitions","status":"publish","type":"post","link":"https:\/\/www.europesays.com\/fr\/363739\/","title":{"rendered":"ASNL\u00a0: b\u00e2tir la saison pas \u00e0 pas pour red\u00e9finir ses ambitions"},"content":{"rendered":"<p> <img decoding=\"async\" src=\"https:\/\/www.europesays.com\/fr\/wp-content\/uploads\/2025\/09\/1756919839_249_1200x680\" alt=\"illustration agrandir l'image\" style=\"--_image-preview:url('data:image\/jpeg;base64,\/9j\/2wBDACgcHiMeGSgjISMtKygwPGRBPDc3PHtYXUlkkYCZlo+AjIqgtObDoKrarYqMyP\/L2u71\/\/\/\/m8H\/\/\/\/6\/+b9\/\/j\/2wBDASstLTw1PHZBQXb4pYyl+Pj4+Pj4+Pj4+Pj4+Pj4+Pj4+Pj4+Pj4+Pj4+Pj4+Pj4+Pj4+Pj4+Pj4+Pj4+Pj4+Pj\/wAARCAAqACoDASIAAhEBAxEB\/8QAFwABAQEBAAAAAAAAAAAAAAAAAQIAA\/\/EABgQAQEBAQEAAAAAAAAAAAAAAAABERIC\/8QAFwEBAQEBAAAAAAAAAAAAAAAAAAECA\/\/EABYRAQEBAAAAAAAAAAAAAAAAAAARAf\/aAAwDAQACEQMRAD8ABaLUX0KbU2pvpPQqrRo0Irr6rnauosKRNrHkyFIIcVIcBWDl0Zmuu458tytkrGpkOFisv\/\/Z');\" loading=\"eager\" fetchpriority=\"high\" aria-hidden=\"true\" class=\"svelte-1pnmlwx rounded\" onload=\"this.__e=event\" onerror=\"this.__e=event\"\/> Pablo Correa esp\u00e8re amener son \u00e9quipe vers un maintien rapide en Ligue 2 \u00a9 Maxppp &#8211; Cedric JACQUOT    <\/p>\n<p class=\"g-ici-body-regular-3 info svelte-1a514ib\">Diffus\u00e9 le mercredi 3 septembre 2025 \u00e0 18:10 <\/p>\n<p class=\"g-ici-body-regular-3 info svelte-1a514ib\">Publi\u00e9 le mercredi 3 septembre 2025 \u00e0 18:10 <\/p>\n<p class=\"g-ici-body-bold-1 standFirst svelte-g22axr\">L\u2019ASNL construit sa saison sur des bases solides. Gr\u00e2ce \u00e0 un effectif stable et des automatismes bien en place, l\u2019\u00e9quipe progresse petit \u00e0 petit. Dans 100% ASNL, revenons sur comment ces \u00e9l\u00e9ments permettent \u00e0 l&rsquo;ASNL de se rapprocher de ses objectifs, tout en ajustant ce qui doit encore l\u2019\u00eatre.<\/p>\n<p>Construire une saison, c\u2019est un travail de patience et de pers\u00e9v\u00e9rance. Dans le football, il est essentiel de ne pas succomber aux jugements h\u00e2tifs, car la r\u00e9alit\u00e9 se situe souvent entre le tout blanc et le tout noir. L\u2019ASNL, <strong>forte de ses nombreuses exp\u00e9riences pass\u00e9es,<\/strong> l\u2019a bien compris. Pour avancer, il est primordial de s\u2019appuyer sur les forces d\u00e9j\u00e0 en place et d\u2019identifier les domaines \u00e0 am\u00e9liorer.<\/p>\n<p>Laurent Pilloni et ses invit\u00e9s analysent l\u2019approche m\u00e9thodique de l\u2019ASNL et du projet sportif men\u00e9 par Pablo Correa et Micha\u00ebl Chr\u00e9tien. Leur volont\u00e9 est claire\u00a0: <strong>b\u00e2tir pierre apr\u00e8s pierre, avec une vision solide<\/strong>, dans l\u2019espoir de relancer les ambitions nanc\u00e9iennes et franchir une \u00e9tape d\u00e9cisive dans cette reconstruction.<\/p>\n<p>\u00c0 \u00e9couter aussi   <img decoding=\"async\" src=\"https:\/\/www.europesays.com\/fr\/wp-content\/uploads\/2025\/09\/1756919839_752_200x200\" alt=\"Rayan Bamba s'est rapidement fondu dans le collectif de l'AS Nancy Lorraine\" style=\"--_image-preview:url('data:image\/jpeg;base64,\/9j\/2wBDACgcHiMeGSgjISMtKygwPGRBPDc3PHtYXUlkkYCZlo+AjIqgtObDoKrarYqMyP\/L2u71\/\/\/\/m8H\/\/\/\/6\/+b9\/\/j\/2wBDASstLTw1PHZBQXb4pYyl+Pj4+Pj4+Pj4+Pj4+Pj4+Pj4+Pj4+Pj4+Pj4+Pj4+Pj4+Pj4+Pj4+Pj4+Pj4+Pj4+Pj\/wAARCAAqACoDASIAAhEBAxEB\/8QAGAAAAwEBAAAAAAAAAAAAAAAAAAEDAgT\/xAAYEAEBAQEBAAAAAAAAAAAAAAAAARECEv\/EABYBAQEBAAAAAAAAAAAAAAAAAAEAAv\/EABURAQEAAAAAAAAAAAAAAAAAAAAR\/9oADAMBAAIRAxEAPwBYzY2zU0j3Eeov0l1AUbCxuwYDXdorOjRWKz0n1FKzYaqlg8qYMFVUADLILDBRYeGAn\/\/Z');\" loading=\"lazy\" fetchpriority=\"low\" aria-hidden=\"true\" class=\"svelte-1pnmlwx rounded\" onload=\"this.__e=event\" onerror=\"this.__e=event\"\/> <\/p>\n<ul class=\"SocialNetworks svelte-bt5901\">\n<li class=\"svelte-bt5901\"><\/li>\n<li class=\"svelte-bt5901\"><\/li>\n<li class=\"svelte-bt5901\"><\/li>\n<li class=\"svelte-bt5901\"><\/li>\n<li class=\"svelte-bt5901\"><\/li>\n<\/ul>\n","protected":false},"excerpt":{"rendered":"Pablo Correa esp\u00e8re amener son \u00e9quipe vers un maintien rapide en Ligue 2 \u00a9 Maxppp &#8211; Cedric JACQUOT&hellip;\n","protected":false},"author":2,"featured_media":363740,"comment_status":"","ping_status":"","sticky":false,"template":"","format":"standard","meta":{"footnotes":""},"categories":[9635],"tags":[1111,11,1777,674,1011,27,775,1702,12,25],"class_list":{"0":"post-363739","1":"post","2":"type-post","3":"status-publish","4":"format-standard","5":"has-post-thumbnail","7":"category-nancy","8":"tag-actu","9":"tag-actualites","10":"tag-eu","11":"tag-europe","12":"tag-fr","13":"tag-france","14":"tag-grand-est","15":"tag-nancy","16":"tag-news","17":"tag-republique-francaise"},"share_on_mastodon":{"url":"https:\/\/pubeurope.com\/@fr\/115141505821144967","error":""},"_links":{"self":[{"href":"https:\/\/www.europesays.com\/fr\/wp-json\/wp\/v2\/posts\/363739","targetHints":{"allow":["GET"]}}],"collection":[{"href":"https:\/\/www.europesays.com\/fr\/wp-json\/wp\/v2\/posts"}],"about":[{"href":"https:\/\/www.europesays.com\/fr\/wp-json\/wp\/v2\/types\/post"}],"author":[{"embeddable":true,"href":"https:\/\/www.europesays.com\/fr\/wp-json\/wp\/v2\/users\/2"}],"replies":[{"embeddable":true,"href":"https:\/\/www.europesays.com\/fr\/wp-json\/wp\/v2\/comments?post=363739"}],"version-history":[{"count":0,"href":"https:\/\/www.europesays.com\/fr\/wp-json\/wp\/v2\/posts\/363739\/revisions"}],"wp:featuredmedia":[{"embeddable":true,"href":"https:\/\/www.europesays.com\/fr\/wp-json\/wp\/v2\/media\/363740"}],"wp:attachment":[{"href":"https:\/\/www.europesays.com\/fr\/wp-json\/wp\/v2\/media?parent=363739"}],"wp:term":[{"taxonomy":"category","embeddable":true,"href":"https:\/\/www.europesays.com\/fr\/wp-json\/wp\/v2\/categories?post=363739"},{"taxonomy":"post_tag","embeddable":true,"href":"https:\/\/www.europesays.com\/fr\/wp-json\/wp\/v2\/tags?post=363739"}],"curies":[{"name":"wp","href":"https:\/\/api.w.org\/{rel}","templated":true}]}}