{"id":363741,"date":"2025-09-03T17:18:11","date_gmt":"2025-09-03T17:18:11","guid":{"rendered":"https:\/\/www.europesays.com\/fr\/363741\/"},"modified":"2025-09-03T17:18:11","modified_gmt":"2025-09-03T17:18:11","slug":"un-toulonnais-de-21-ans-juge-pour-proxenetisme-aggrave-que-sait-on-de-lindividu-arrete-avec-une-ado-et-une-jeune-majeure","status":"publish","type":"post","link":"https:\/\/www.europesays.com\/fr\/363741\/","title":{"rendered":"Un Toulonnais de 21 ans jug\u00e9 pour prox\u00e9n\u00e9tisme aggrav\u00e9: que sait-on de l&rsquo;individu arr\u00eat\u00e9 avec une ado et une jeune majeure?"},"content":{"rendered":"<p>Il n&rsquo;a pas la stature d&rsquo;un Dominique Alderweireld, alias Dodo la saumure, prox\u00e9n\u00e8te impliqu\u00e9 dans des affaires de traite d&rsquo;\u00eatres humains, rendu c\u00e9l\u00e8bre dans l&rsquo;affaire dite du Carlton de Lille, du nom de l&rsquo;h\u00f4tel lillois o\u00f9\u00a0Dominique Strauss-Kahn aurait rencontr\u00e9 des prostitu\u00e9es.<\/p>\n<p>\u00c0 21 ans, R.S. est plut\u00f4t un mod\u00e8le r\u00e9duit. Un jeune adulte pas tr\u00e8s grand, peu gaillard, aux cheveux boucl\u00e9s, en short, basket qui lance des regards dans la salle d&rsquo;audience du tribunal correctionnel de Toulon pour demander des clopes \u00e0 un ami.\u00a0<\/p>\n<p>Des risques de pression sur les victimes<\/p>\n<p>Le vendredi 29 ao\u00fbt, cet individu, <a href=\"https:\/\/www.varmatin.com\/faits-divers\/prostitution-de-mineure-dans-le-centre-de-toulon-les-policiers-de-la-bac-debarquent-dans-un-logement-et-interpellent-quatre-adultes-999575\" rel=\"nofollow noopener\" target=\"_blank\">interpell\u00e9 deux jours plus t\u00f4t par des policiers de la brigade anticriminalit\u00e9 de Toulon<\/a>, a \u00e9t\u00e9 renvoy\u00e9 devant la juridiction toulonnaise pour des faits de prox\u00e9n\u00e9tisme (aide, assistance, protection de la prostitution d&rsquo;autrui, partage des profits), prox\u00e9n\u00e9tisme aggrav\u00e9 sur une mineure de 15 ans et refus de transmettre le code de son t\u00e9l\u00e9phone portable aux autorit\u00e9s judiciaires.\u00a0<\/p>\n<p>\u00c0 la barre, il a choisi de demander un report de l&rsquo;affaire pour pr\u00e9parer sa d\u00e9fense. Le renvoi de l&rsquo;affaire dans laquelle il est mis seul en cause, a \u00e9t\u00e9 fix\u00e9 au mercredi 8 octobre 2025, avec un maintien en d\u00e9tention provisoire jusqu&rsquo;\u00e0 cette \u00e9ch\u00e9ance et la d\u00e9livrance d&rsquo;un mandat de d\u00e9p\u00f4t, \u00ab\u00a0en raison des risques de pression sur la ou les victimes, et des risques de r\u00e9it\u00e9ration\u00a0\u00bb, a explicit\u00e9 le pr\u00e9sident Philippe Plantard.\u00a0<\/p>\n<p>C&rsquo;est dans le cadre d&rsquo;une audience de comparution imm\u00e9diate que ce prox\u00e9n\u00e8te pr\u00e9sum\u00e9 a \u00e9t\u00e9 pr\u00e9sent\u00e9 devant les magistrats pour des faits qualifi\u00e9s par les avocats de la partie civile, \u00ab\u00a0de tr\u00e8s graves\u00a0\u00bb et n\u00e9cessitant l&rsquo;ouverture d&rsquo;une information judiciaire.\u00a0<\/p>\n<p>Si lors de cette premi\u00e8re comparution les faits n&rsquo;ont pas \u00e9t\u00e9 abord\u00e9s, le pr\u00e9venu nie ce qu&rsquo;il lui est reproch\u00e9. Convaincra-t-il qu&rsquo;il \u00e9tait un prince (presque) charmant veillant sur ses belles de 15 et 18 ans se livrant \u00e0 de la prostitution ou un d\u00e9linquant profitant de la faiblesse de victimes en tirant un b\u00e9n\u00e9fice?\u00a0<\/p>\n<p>\u00c0 ce stade R.S. est pr\u00e9sum\u00e9 innocent. Mais qui est-il? Comment \u00e0 21 ans, cet habitant de la r\u00e9gion toulonnaise se retrouve-t-il poursuivi pour de tels faits? A quoi lui servait l&rsquo;arme blanche qu&rsquo;il d\u00e9tenait lors de son arrestation?\u00a0<\/p>\n<p>Quatre mentions au casier judiciaire: il nie les faits<\/p>\n<p>\u00ab\u00a0Dans les grandes lignes, la police a men\u00e9 une op\u00e9ration \u00e0 Toulon o\u00f9 il a \u00e9t\u00e9 d\u00e9couvert une mineure de 15 ans et une majeure de 18 ans se livrant \u00e0 de la prostitution. On vous reproche d&rsquo;\u00eatre leur souteneur et vous niez\u00a0\u00bb, a pr\u00e9sent\u00e9 le magistrat en pr\u00e9ambule.\u00a0<\/p>\n<p>La lecture du casier judiciaire du jeune homme fait appara\u00eetre quatre mentions pour vol par ruse (2021), d\u00e9gradation (2023), d\u00e9gradations (2023), d\u00e9tention de stup\u00e9fiants et refus de communiquer le code de son t\u00e9l\u00e9phone (2025), avec des condamnations allant du simple avertissement, \u00e0 des heures d&rsquo;int\u00e9r\u00eat g\u00e9n\u00e9ral, jusqu&rsquo;\u00e0 trois mois de prison avec sursis.\u00a0<\/p>\n<p>Mineur, il a d\u00e9j\u00e0 \u00e9t\u00e9 plac\u00e9 dans un centre d&rsquo;\u00e9ducation ferm\u00e9, est-il mentionn\u00e9.\u00a0<\/p>\n<p>Un agent d&rsquo;entretien au bon comportement\u00a0<\/p>\n<p>Dans la vie, il est d\u00e9crit comme \u00ab\u00a0ayant un bon comportement au travail, dans une soci\u00e9t\u00e9 de nettoyage o\u00f9 il est en contrat \u00e0 dur\u00e9e ind\u00e9termin\u00e9e depuis 2022, comme agent d&rsquo;entretien\u00a0\u00bb. Sa chef d&rsquo;\u00e9quipe &#8211; qui n&rsquo;est autre que sa m\u00e8re-, en atteste.\u00a0<\/p>\n<p>Dans ses observations, <a href=\"https:\/\/www.varmatin.com\/faits-divers\/a-toulon-on-prostitue-une-ado-dans-un-silence-assourdissant-le-combat-d-une-mere-pour-sauver-sa-fille-de-15-ans-1000187\" rel=\"nofollow noopener\" target=\"_blank\">Me Lucas Mas, intervenant pour la partie civile<\/a>, a indiqu\u00e9 apr\u00e8s la consultation du dossier qu&rsquo;il estime \u00ab\u00a0tr\u00e8s l\u00e9ger\u00a0\u00bb pour un renvoi sans phase d&rsquo;information judiciaire, que ce n&rsquo;\u00e9tait pas la premi\u00e8re fois que le nom du mis en cause est apparu dans des faits de prox\u00e9n\u00e9tisme pr\u00e9sum\u00e9. Comme ce fut le cas entre le 25 janvier et le 5 f\u00e9vrier 2025.\u00a0<\/p>\n<p>\u00ab\u00a0Je crains qu&rsquo;il tente de retrouver les victimes et de recommencer\u00a0\u00bb, a-t-il ajout\u00e9.\u00a0<\/p>\n<p>\u00ab\u00a0Il risque jusqu&rsquo;\u00e0 10 ans de prison\u00a0\u00bb, selon la repr\u00e9sentante du parquet<\/p>\n<p>La repr\u00e9sentante du minist\u00e8re public a soulign\u00e9 que R.S. risque jusqu&rsquo;\u00e0 dix ans d&#8217;emprisonnement pour cette activit\u00e9 \u00ab\u00a0r\u00e9mun\u00e9ratrice\u00a0\u00bb et que son placement &#8211; comme demand\u00e9 par la d\u00e9fense-, en libert\u00e9 sous contr\u00f4le judiciaire est inenvisageable au regard des <strong>risques de pression<\/strong>.\u00a0<\/p>\n<p>Il a \u00e9t\u00e9 \u00e9crou\u00e9 jusqu&rsquo;\u00e0 sa prochaine pr\u00e9sentation le mercredi 8 octobre \u00e0 Toulon.\u00a0<\/p>\n","protected":false},"excerpt":{"rendered":"Il n&rsquo;a pas la stature d&rsquo;un Dominique Alderweireld, alias Dodo la saumure, prox\u00e9n\u00e8te impliqu\u00e9 dans des affaires de&hellip;\n","protected":false},"author":2,"featured_media":363742,"comment_status":"","ping_status":"","sticky":false,"template":"","format":"standard","meta":{"footnotes":""},"categories":[9619],"tags":[1111,11,1777,674,118,1011,27,303,12,882,25,2310],"class_list":{"0":"post-363741","1":"post","2":"type-post","3":"status-publish","4":"format-standard","5":"has-post-thumbnail","7":"category-toulon","8":"tag-actu","9":"tag-actualites","10":"tag-eu","11":"tag-europe","12":"tag-faits-divers","13":"tag-fr","14":"tag-france","15":"tag-justice","16":"tag-news","17":"tag-provence-alpes-cote-dazur","18":"tag-republique-francaise","19":"tag-toulon"},"share_on_mastodon":{"url":"https:\/\/pubeurope.com\/@fr\/115141509382854285","error":""},"_links":{"self":[{"href":"https:\/\/www.europesays.com\/fr\/wp-json\/wp\/v2\/posts\/363741","targetHints":{"allow":["GET"]}}],"collection":[{"href":"https:\/\/www.europesays.com\/fr\/wp-json\/wp\/v2\/posts"}],"about":[{"href":"https:\/\/www.europesays.com\/fr\/wp-json\/wp\/v2\/types\/post"}],"author":[{"embeddable":true,"href":"https:\/\/www.europesays.com\/fr\/wp-json\/wp\/v2\/users\/2"}],"replies":[{"embeddable":true,"href":"https:\/\/www.europesays.com\/fr\/wp-json\/wp\/v2\/comments?post=363741"}],"version-history":[{"count":0,"href":"https:\/\/www.europesays.com\/fr\/wp-json\/wp\/v2\/posts\/363741\/revisions"}],"wp:featuredmedia":[{"embeddable":true,"href":"https:\/\/www.europesays.com\/fr\/wp-json\/wp\/v2\/media\/363742"}],"wp:attachment":[{"href":"https:\/\/www.europesays.com\/fr\/wp-json\/wp\/v2\/media?parent=363741"}],"wp:term":[{"taxonomy":"category","embeddable":true,"href":"https:\/\/www.europesays.com\/fr\/wp-json\/wp\/v2\/categories?post=363741"},{"taxonomy":"post_tag","embeddable":true,"href":"https:\/\/www.europesays.com\/fr\/wp-json\/wp\/v2\/tags?post=363741"}],"curies":[{"name":"wp","href":"https:\/\/api.w.org\/{rel}","templated":true}]}}