{"id":363743,"date":"2025-09-03T17:19:12","date_gmt":"2025-09-03T17:19:12","guid":{"rendered":"https:\/\/www.europesays.com\/fr\/363743\/"},"modified":"2025-09-03T17:19:12","modified_gmt":"2025-09-03T17:19:12","slug":"direct-brest-toulon-suivez-le-premier-match-de-la-saison-du-bbh-en-video","status":"publish","type":"post","link":"https:\/\/www.europesays.com\/fr\/363743\/","title":{"rendered":"DIRECT &#8211; Brest &#8211; Toulon\u00a0: suivez le premier match de la saison du BBH en vid\u00e9o"},"content":{"rendered":"<p class=\"tlg-author\">\n                Par<br \/>\n                Le T\u00e9l\u00e9gramme<\/p>\n<p>Le 03 septembre 2025 \u00e0 18h30<\/p>\n<p class=\"tlg-h5\">Ce mercredi (19\u00a0h\u00a030), le Brest Bretagne Handball reprend. Pour la premi\u00e8re journ\u00e9e de la saison de LFH, les filles de\u00a0Rapha\u00eblle Tervel re\u00e7oivent \u00e0 la Brest Arena Toulon. Suivez le match en direct vid\u00e9o.<\/p>\n<p><img fetchpriority=\"high\" decoding=\"async\" src=\"https:\/\/www.europesays.com\/fr\/wp-content\/uploads\/2025\/09\/68b6fb006bf5de51820aa7d4.1.jpeg\" width=\"960\" height=\"600\" class=\"web_golden_xl\" loading=\"eager\" alt=\"Annika Lott et les filles du BBH affrontent Toulon pour la premi\u00e8re journ\u00e9e de LFH.\"\/>Annika Lott et les filles du BBH affrontent Toulon pour la premi\u00e8re journ\u00e9e de LFH. (Photo Nicolas Cr\u00e9ach)<\/p>\n","protected":false},"excerpt":{"rendered":"Par Le T\u00e9l\u00e9gramme Le 03 septembre 2025 \u00e0 18h30 Ce mercredi (19\u00a0h\u00a030), le Brest Bretagne Handball reprend. Pour&hellip;\n","protected":false},"author":2,"featured_media":363744,"comment_status":"","ping_status":"","sticky":false,"template":"","format":"standard","meta":{"footnotes":""},"categories":[9619],"tags":[1111,11,3449,1777,674,1011,27,1792,12,882,25,60,2310],"class_list":{"0":"post-363743","1":"post","2":"type-post","3":"status-publish","4":"format-standard","5":"has-post-thumbnail","7":"category-toulon","8":"tag-actu","9":"tag-actualites","10":"tag-brest-bretagne-handball","11":"tag-eu","12":"tag-europe","13":"tag-fr","14":"tag-france","15":"tag-handball","16":"tag-news","17":"tag-provence-alpes-cote-dazur","18":"tag-republique-francaise","19":"tag-sports","20":"tag-toulon"},"share_on_mastodon":{"url":"https:\/\/pubeurope.com\/@fr\/115141513396909901","error":""},"_links":{"self":[{"href":"https:\/\/www.europesays.com\/fr\/wp-json\/wp\/v2\/posts\/363743","targetHints":{"allow":["GET"]}}],"collection":[{"href":"https:\/\/www.europesays.com\/fr\/wp-json\/wp\/v2\/posts"}],"about":[{"href":"https:\/\/www.europesays.com\/fr\/wp-json\/wp\/v2\/types\/post"}],"author":[{"embeddable":true,"href":"https:\/\/www.europesays.com\/fr\/wp-json\/wp\/v2\/users\/2"}],"replies":[{"embeddable":true,"href":"https:\/\/www.europesays.com\/fr\/wp-json\/wp\/v2\/comments?post=363743"}],"version-history":[{"count":0,"href":"https:\/\/www.europesays.com\/fr\/wp-json\/wp\/v2\/posts\/363743\/revisions"}],"wp:featuredmedia":[{"embeddable":true,"href":"https:\/\/www.europesays.com\/fr\/wp-json\/wp\/v2\/media\/363744"}],"wp:attachment":[{"href":"https:\/\/www.europesays.com\/fr\/wp-json\/wp\/v2\/media?parent=363743"}],"wp:term":[{"taxonomy":"category","embeddable":true,"href":"https:\/\/www.europesays.com\/fr\/wp-json\/wp\/v2\/categories?post=363743"},{"taxonomy":"post_tag","embeddable":true,"href":"https:\/\/www.europesays.com\/fr\/wp-json\/wp\/v2\/tags?post=363743"}],"curies":[{"name":"wp","href":"https:\/\/api.w.org\/{rel}","templated":true}]}}