{"id":363745,"date":"2025-09-03T17:20:12","date_gmt":"2025-09-03T17:20:12","guid":{"rendered":"https:\/\/www.europesays.com\/fr\/363745\/"},"modified":"2025-09-03T17:20:12","modified_gmt":"2025-09-03T17:20:12","slug":"apres-les-travaux-le-magasin-kookai-rouvre-rue-de-la-loge-a-montpellier","status":"publish","type":"post","link":"https:\/\/www.europesays.com\/fr\/363745\/","title":{"rendered":"Apr\u00e8s les travaux, le magasin Kooka\u00ef rouvre rue de la Loge \u00e0 Montpellier"},"content":{"rendered":"<p>\n                                                                L\u2019enseigne de pr\u00eat-\u00e0-porter a annonc\u00e9 sa r\u00e9ouverture pour ce jeudi 4\u00a0septembre, rue de la Loge \u00e0 Montpellier.\n                            <\/p>\n<p>Derniers coups de scie sauteuse pour finir le parquet et voil\u00e0 le\u00a0retour du\u00a0magasin Kooka\u00ef au\u00a0centre-ville de Montpellier.<\/p>\n<p>Jeudi, 10h<\/p>\n<p>Le magasin de pr\u00eat-\u00e0-porter f\u00e9minin, install\u00e9 au 21 de la rue de la loge, a annonc\u00e9 sa r\u00e9ouverture pour ce jeudi 4\u00a0septembre \u00e0 10h.<\/p>\n<p>La boutique fait partie de celles conserv\u00e9es <a href=\"https:\/\/www.midilibre.fr\/2023\/11\/30\/lenseigne-kookai-reprise-par-le-groupe-antonelle-un-jour-ailleurs-16-magasins-70-emplois-et-17-corners-sauves-11612977.php\" target=\"_blank\" rel=\"nofollow noopener\">par les repreneurs de la marque<\/a> \u2013 le groupe\u00a0Antonelle-Un jour ailleurs \u2013 apr\u00e8s son <a href=\"https:\/\/www.midilibre.fr\/2023\/02\/01\/la-marque-kookai-placee-en-redressement-judiciaire-121-boutiques-de-pret-a-porter-menacees-en-france-10967192.php\" target=\"_blank\" rel=\"nofollow noopener\">placement en redressement judiciaire<\/a> en 2023.<\/p>\n","protected":false},"excerpt":{"rendered":"L\u2019enseigne de pr\u00eat-\u00e0-porter a annonc\u00e9 sa r\u00e9ouverture pour ce jeudi 4\u00a0septembre, rue de la Loge \u00e0 Montpellier. Derniers&hellip;\n","protected":false},"author":2,"featured_media":363746,"comment_status":"","ping_status":"","sticky":false,"template":"","format":"standard","meta":{"footnotes":""},"categories":[9599],"tags":[1111,11,1777,674,1011,27,2208,12,2680,25],"class_list":{"0":"post-363745","1":"post","2":"type-post","3":"status-publish","4":"format-standard","5":"has-post-thumbnail","7":"category-montpellier","8":"tag-actu","9":"tag-actualites","10":"tag-eu","11":"tag-europe","12":"tag-fr","13":"tag-france","14":"tag-montpellier","15":"tag-news","16":"tag-occitanie","17":"tag-republique-francaise"},"share_on_mastodon":{"url":"https:\/\/pubeurope.com\/@fr\/115141517339130761","error":""},"_links":{"self":[{"href":"https:\/\/www.europesays.com\/fr\/wp-json\/wp\/v2\/posts\/363745","targetHints":{"allow":["GET"]}}],"collection":[{"href":"https:\/\/www.europesays.com\/fr\/wp-json\/wp\/v2\/posts"}],"about":[{"href":"https:\/\/www.europesays.com\/fr\/wp-json\/wp\/v2\/types\/post"}],"author":[{"embeddable":true,"href":"https:\/\/www.europesays.com\/fr\/wp-json\/wp\/v2\/users\/2"}],"replies":[{"embeddable":true,"href":"https:\/\/www.europesays.com\/fr\/wp-json\/wp\/v2\/comments?post=363745"}],"version-history":[{"count":0,"href":"https:\/\/www.europesays.com\/fr\/wp-json\/wp\/v2\/posts\/363745\/revisions"}],"wp:featuredmedia":[{"embeddable":true,"href":"https:\/\/www.europesays.com\/fr\/wp-json\/wp\/v2\/media\/363746"}],"wp:attachment":[{"href":"https:\/\/www.europesays.com\/fr\/wp-json\/wp\/v2\/media?parent=363745"}],"wp:term":[{"taxonomy":"category","embeddable":true,"href":"https:\/\/www.europesays.com\/fr\/wp-json\/wp\/v2\/categories?post=363745"},{"taxonomy":"post_tag","embeddable":true,"href":"https:\/\/www.europesays.com\/fr\/wp-json\/wp\/v2\/tags?post=363745"}],"curies":[{"name":"wp","href":"https:\/\/api.w.org\/{rel}","templated":true}]}}