{"id":363749,"date":"2025-09-03T17:22:11","date_gmt":"2025-09-03T17:22:11","guid":{"rendered":"https:\/\/www.europesays.com\/fr\/363749\/"},"modified":"2025-09-03T17:22:11","modified_gmt":"2025-09-03T17:22:11","slug":"recruteurs-de-rouen-et-de-seine-maritime-rencontrez-vos-futurs-talents","status":"publish","type":"post","link":"https:\/\/www.europesays.com\/fr\/363749\/","title":{"rendered":"Recruteurs de Rouen et de Seine-Maritime, rencontrez vos futurs talents"},"content":{"rendered":"<p>            Par<br \/>\n        <strong><br \/>\n            <a href=\"https:\/\/actu.fr\/auteur\/pierre-boiteau-actu-fr\" title=\"Consulter tous les articles de Pierre Boiteau\" target=\"_blank\" rel=\"noopener\">Pierre Boiteau<\/a><br \/>\n        <\/strong><\/p>\n<p>        Publi\u00e9 le<\/p>\n<p>            3 sept. 2025 \u00e0 18h38        <\/p>\n<p>Apr\u00e8s le succ\u00e8s des \u00e9ditions 2023 et 2024, un nouveau <strong>job dating<\/strong> sera organis\u00e9 mercredi 15\u00a0octobre 2025 par <a href=\"https:\/\/actu.fr\/76actu\/\" target=\"_blank\" rel=\"noopener\">76actu<\/a>, <a href=\"https:\/\/www.calameo.com\/subscriptions\/550535\" target=\"_blank\" rel=\"noopener\">C\u00f4t\u00e9 Rouen<\/a> et le <a href=\"https:\/\/actu.fr\/\" target=\"_blank\" rel=\"noopener\">Groupe Actu<\/a>, en collaboration avec France Travail, la Mission locale et Cap Emploi.<\/p>\n<p>Une forte affluence<\/p>\n<p class=\" wall-content\">Cet \u00e9v\u00e9nement est une <strong>opportunit\u00e9 unique pour les entreprises locales<\/strong> de rencontrer en direct des candidats motiv\u00e9s, \u00e0 la <strong>recherche d\u2019un emploi<\/strong>, d\u2019une <strong>mission en int\u00e9rim<\/strong> ou d\u2019un <strong>contrat en alternance<\/strong>.<\/p>\n<p class=\" wall-content\">\u2022 <strong>Si vous recherchez un emploi<\/strong> r\u00e9servez d\u00e8s maintenant la date du 15\u00a0octobre.<\/p>\n<p>Si vous \u00eates recruteur<\/p>\n<p class=\" wall-content\">\u2022 <strong>Si vous \u00eates recruteur<\/strong>, c\u2019est le moment de r\u00e9server votre stand\u2009!<\/p>\n<p class=\" wall-content\">Chaque ann\u00e9e, environ 1000 visiteurs viennent <strong>\u00e0 la rencontre des employeurs<\/strong> lors de ce job dating annuel \u00e0 Rouen\u2009: un vrai <strong>coup d\u2019acc\u00e9l\u00e9rateur pour les recrutements<\/strong>. Ne manquez donc pas cette nouvelle chance de <strong>trouver la perle rare pour renforcer vos \u00e9quipes<\/strong>.\u00a0C\u2019est une occasion unique pour les entreprises, soci\u00e9t\u00e9s d\u2019int\u00e9rim et organismes de faire conna\u00eetre \u00e0 un large public leurs atouts et leurs besoins, avec une grande visibilit\u00e9 aupr\u00e8s des habitants du territoire rouennais.<\/p>\n<p class=\" wall-content\">Prochaine \u00e9dition le 15\u00a0octobre 2025 \u00e0 <strong>la Halle aux Toiles<\/strong> \u00e0 Rouen de 10h \u00e0 17h. Les inscriptions sont ouvertes pour les entreprises, soci\u00e9t\u00e9s d\u2019int\u00e9rim, \u00e9coles (formation en alternance), organismes.<\/p>\n<p class=\" wall-content\"><strong>Pour les employeurs<\/strong>, 76actu et C\u00f4t\u00e9 Rouen proposent diff\u00e9rentes formules de participations tarif\u00e9es et accompagn\u00e9es d\u2019un solide plan de communication. La r\u00e9gie du Groupe Actu invite les <strong>recruteurs<\/strong> \u00e0 s\u2019inscrire ou \u00e0 demander les informations sur cet \u00e9v\u00e8nement \u00e0\u2009:<br \/>Sylvie Foucher, Groupe Actu, par mail \u00e0 <a href=\"https:\/\/actu.fr\/cdn-cgi\/l\/email-protection\" class=\"__cf_email__\" data-cfemail=\"790a00150f101c571f160c1a111c0b39181a0d0c571f0b\" target=\"_blank\" rel=\"noopener\">[email\u00a0protected]<\/a> ou par t\u00e9l\u00e9phone au 06\u200923\u200905\u200965\u200944\u2009; elle se fera un plaisir de vous expliquer le d\u00e9roulement de la journ\u00e9e et les conditions d\u2019obtention d\u2019un stand.<\/p>\n<p class=\" wall-content\">Par ailleurs, le job dating apporte aux exposants une <strong>grande visibilit\u00e9 aupr\u00e8s des habitants du territoire rouennais<\/strong>. Des moyens importants sont d\u2019ailleurs mis en place pour relayer l\u2019information\u2009: articles sur 76actu, dossier sp\u00e9cial sur C\u00f4t\u00e9 Rouen, spots radio et cin\u00e9ma, emailings cibl\u00e9s, affiches, etc. Avec en prime <strong>la force d\u2019actu.fr, qui totalise plus de 120\u00a0millions de visites par mois<\/strong> (chiffre certifi\u00e9 ACPM).<\/p>\n<p>Votre r\u00e9gion, votre actu !<\/p>\n<p>Recevez chaque jour les infos qui comptent pour vous.<\/p>\n<p>\t<a href=\"https:\/\/actu.fr\/newsletter\" class=\"ac-btn ac-btn--corner ac-btn--medium ac-btn--blue800\" target=\"_blank\" rel=\"noopener\">S&rsquo;incrire<\/a><\/p>\n<p class=\" wall-content\">Pensez-y d\u00e8s maintenant pour <strong>garantir votre place au job dating<\/strong>.<\/p>\n<p>    <img   decoding=\"async\" loading=\"lazy\" src=\"https:\/\/www.europesays.com\/fr\/wp-content\/uploads\/2025\/09\/panneau-job-dating-rouen-960x640.jpg\" alt=\"Le prochain job dating de Rouen vous attend le mercredi 15 octobre \u00e0 la Halle aux Toiles de Rouen. \u00a9 Pierre Boiteau\/76actu\" width=\"960\" height=\"640\"\/><br \/>\n    Le prochain job dating de Rouen vous attend le mercredi 15\u00a0octobre \u00e0 la Halle aux Toiles de Rouen. \u00a9Pierre Boiteau\/76actu<\/p>\n<p class=\" wall-content\">Personnalisez votre actualit\u00e9 en ajoutant vos villes et m\u00e9dias en favori avec <a href=\"https:\/\/moncompte.actu.fr\" title=\"D\u00e9couvez Mon Actu\" rel=\"nofollow noopener\" data-trk=\"{&quot;cta&quot;:{&quot;action&quot;:&quot;https:\\\/\\\/moncompte.actu.fr&quot;,&quot;category&quot;:&quot;mon compte&quot;,&quot;from&quot;:&quot;article footer&quot;,&quot;name&quot;:&quot;Mon actu&quot;,&quot;type&quot;:&quot;cta&quot;}}\" target=\"_blank\">Mon Actu<\/a>.<\/p>\n","protected":false},"excerpt":{"rendered":"Par Pierre Boiteau Publi\u00e9 le 3 sept. 2025 \u00e0 18h38 Apr\u00e8s le succ\u00e8s des \u00e9ditions 2023 et 2024,&hellip;\n","protected":false},"author":2,"featured_media":363750,"comment_status":"","ping_status":"","sticky":false,"template":"","format":"standard","meta":{"footnotes":""},"categories":[9587],"tags":[1111,11,33,341,1777,674,1011,27,530,5113,12,5161,25,9590],"class_list":{"0":"post-363749","1":"post","2":"type-post","3":"status-publish","4":"format-standard","5":"has-post-thumbnail","7":"category-rouen","8":"tag-actu","9":"tag-actualites","10":"tag-economie","11":"tag-emploi","12":"tag-eu","13":"tag-europe","14":"tag-fr","15":"tag-france","16":"tag-france-travail","17":"tag-job-dating","18":"tag-news","19":"tag-normandie","20":"tag-republique-francaise","21":"tag-rouen"},"share_on_mastodon":{"url":"https:\/\/pubeurope.com\/@fr\/115141525145357958","error":""},"_links":{"self":[{"href":"https:\/\/www.europesays.com\/fr\/wp-json\/wp\/v2\/posts\/363749","targetHints":{"allow":["GET"]}}],"collection":[{"href":"https:\/\/www.europesays.com\/fr\/wp-json\/wp\/v2\/posts"}],"about":[{"href":"https:\/\/www.europesays.com\/fr\/wp-json\/wp\/v2\/types\/post"}],"author":[{"embeddable":true,"href":"https:\/\/www.europesays.com\/fr\/wp-json\/wp\/v2\/users\/2"}],"replies":[{"embeddable":true,"href":"https:\/\/www.europesays.com\/fr\/wp-json\/wp\/v2\/comments?post=363749"}],"version-history":[{"count":0,"href":"https:\/\/www.europesays.com\/fr\/wp-json\/wp\/v2\/posts\/363749\/revisions"}],"wp:featuredmedia":[{"embeddable":true,"href":"https:\/\/www.europesays.com\/fr\/wp-json\/wp\/v2\/media\/363750"}],"wp:attachment":[{"href":"https:\/\/www.europesays.com\/fr\/wp-json\/wp\/v2\/media?parent=363749"}],"wp:term":[{"taxonomy":"category","embeddable":true,"href":"https:\/\/www.europesays.com\/fr\/wp-json\/wp\/v2\/categories?post=363749"},{"taxonomy":"post_tag","embeddable":true,"href":"https:\/\/www.europesays.com\/fr\/wp-json\/wp\/v2\/tags?post=363749"}],"curies":[{"name":"wp","href":"https:\/\/api.w.org\/{rel}","templated":true}]}}