{"id":363759,"date":"2025-09-03T17:27:17","date_gmt":"2025-09-03T17:27:17","guid":{"rendered":"https:\/\/www.europesays.com\/fr\/363759\/"},"modified":"2025-09-03T17:27:17","modified_gmt":"2025-09-03T17:27:17","slug":"a-rennes-le-musee-du-louvre-sinvite-dans-les-allees-du-centre-commercial-alma","status":"publish","type":"post","link":"https:\/\/www.europesays.com\/fr\/363759\/","title":{"rendered":"\u00c0 Rennes, le mus\u00e9e du Louvre s\u2019invite dans les all\u00e9es du centre commercial Alma"},"content":{"rendered":"<p>La Joconde, La V\u00e9nus de Milo, Le Scribe accroupi\u2026 \u00c0 partir du mercredi 10\u00a0septembre, pendant une semaine, des reproductions officielles d\u2019\u0153uvres embl\u00e9matiques issues des collections du mus\u00e9e du Louvre seront expos\u00e9es au centre Alma. L\u2019occasion pour les Rennais de profiter des arts du plus grand mus\u00e9e du monde sans avoir \u00e0 se d\u00e9placer jusqu\u2019\u00e0 Paris.<\/p>\n<p><strong>Lire aussi. <\/strong> <a href=\"https:\/\/rennes.maville.com\/actu\/actudet_-la-joconde-s-invite-au-centre-commercial-alma-de-rennes-_7-6938398_actu.Htm?utm_source=troove&amp;utm_medium=site\" target=\"_blank\" rel=\"noopener\">La Joconde au centre commercial Alma de Rennes<\/a><\/p>\n<p>L\u2019exposition, intitul\u00e9e\u00a0J\u2019habite au Louvre, sera accessible gratuitement tous les jours. <strong>\u00ab\u00a0Durant toute la dur\u00e9e de l\u2019exposition, des m\u00e9diateurs du Louvre seront pr\u00e9sents et accompagneront les visiteurs dans leur d\u00e9couverte des chefs-d\u2019\u0153uvre gr\u00e2ce \u00e0 des visites et des ateliers\u00a0\u00bb<\/strong>, indique Nathalie Debroux, la directrice du centre commercial. Des animations seront propos\u00e9es aux visiteurs\u00a0: jeux, dessins, biblioth\u00e8que, photobooth pour se transformer en personnage du Louvre et repartir avec sa photo souvenir.<\/p>\n<p><strong>Du mercredi\u00a010 au mercredi 17\u00a0septembre 2025<\/strong>, de 10\u00a0h \u00e0 19\u00a0h, exposition au centre Alma, \u00e0 Rennes. Entr\u00e9e libre.<\/p>\n<p>\u00a0<\/p>\n","protected":false},"excerpt":{"rendered":"La Joconde, La V\u00e9nus de Milo, Le Scribe accroupi\u2026 \u00c0 partir du mercredi 10\u00a0septembre, pendant une semaine, des&hellip;\n","protected":false},"author":2,"featured_media":363760,"comment_status":"","ping_status":"","sticky":false,"template":"","format":"standard","meta":{"footnotes":""},"categories":[2821],"tags":[1111,11,49850,24105,829,3335,744,1777,674,1011,27,508,11274,3048,12,3086,584,25],"class_list":{"0":"post-363759","1":"post","2":"type-post","3":"status-publish","4":"format-standard","5":"has-post-thumbnail","7":"category-rennes","8":"tag-actu","9":"tag-actualites","10":"tag-allees","11":"tag-alma","12":"tag-bretagne","13":"tag-centre","14":"tag-commercial","15":"tag-eu","16":"tag-europe","17":"tag-fr","18":"tag-france","19":"tag-invite","20":"tag-louvre","21":"tag-musee","22":"tag-news","23":"tag-redon","24":"tag-rennes","25":"tag-republique-francaise"},"share_on_mastodon":{"url":"https:\/\/pubeurope.com\/@fr\/115141544768131293","error":""},"_links":{"self":[{"href":"https:\/\/www.europesays.com\/fr\/wp-json\/wp\/v2\/posts\/363759","targetHints":{"allow":["GET"]}}],"collection":[{"href":"https:\/\/www.europesays.com\/fr\/wp-json\/wp\/v2\/posts"}],"about":[{"href":"https:\/\/www.europesays.com\/fr\/wp-json\/wp\/v2\/types\/post"}],"author":[{"embeddable":true,"href":"https:\/\/www.europesays.com\/fr\/wp-json\/wp\/v2\/users\/2"}],"replies":[{"embeddable":true,"href":"https:\/\/www.europesays.com\/fr\/wp-json\/wp\/v2\/comments?post=363759"}],"version-history":[{"count":0,"href":"https:\/\/www.europesays.com\/fr\/wp-json\/wp\/v2\/posts\/363759\/revisions"}],"wp:featuredmedia":[{"embeddable":true,"href":"https:\/\/www.europesays.com\/fr\/wp-json\/wp\/v2\/media\/363760"}],"wp:attachment":[{"href":"https:\/\/www.europesays.com\/fr\/wp-json\/wp\/v2\/media?parent=363759"}],"wp:term":[{"taxonomy":"category","embeddable":true,"href":"https:\/\/www.europesays.com\/fr\/wp-json\/wp\/v2\/categories?post=363759"},{"taxonomy":"post_tag","embeddable":true,"href":"https:\/\/www.europesays.com\/fr\/wp-json\/wp\/v2\/tags?post=363759"}],"curies":[{"name":"wp","href":"https:\/\/api.w.org\/{rel}","templated":true}]}}