{"id":363761,"date":"2025-09-03T17:28:11","date_gmt":"2025-09-03T17:28:11","guid":{"rendered":"https:\/\/www.europesays.com\/fr\/363761\/"},"modified":"2025-09-03T17:28:11","modified_gmt":"2025-09-03T17:28:11","slug":"alsace-un-avion-ravitailleur-a330-mrtt-et-cinq-mirage-2000-en-manoeuvre-dans-le-ciel-alsacien","status":"publish","type":"post","link":"https:\/\/www.europesays.com\/fr\/363761\/","title":{"rendered":"Alsace. Un avion ravitailleur A330 MRTT et cinq mirage 2000 en man\u0153uvre dans le ciel alsacien"},"content":{"rendered":"<p>Un certain nombre de man\u0153uvres militaires a\u00e9riennes peu habituelles en Alsace ont \u00e9t\u00e9 aper\u00e7ues ces derniers temps. Parmi elles, mercredi 3\u00a0septembre entre 14h30 et 17h15 environ, celle d\u2019un A330 MRTT, stationn\u00e9 sur la base a\u00e9rienne d\u2019Istres (Bouches-du-Rh\u00f4ne), sp\u00e9cialis\u00e9 dans le ravitaillement en vol.<\/p>\n<p>Il a effectu\u00e9 toute une s\u00e9rie de rotations entre l\u2019Alsace du Nord et Colmar, accompagn\u00e9 de cinq Mirage 2000 qui se sont ravitaill\u00e9s.<\/p>\n<p>Notre correspondant photographe, Pascal Gehlen, a suivi son p\u00e9riple au-dessus d\u2019Obernai et Strasbourg. Il \u00e9tait presque impossible de les apercevoir \u00e0 l\u2019\u0153il nu, mais il a pu les saisir avec un zoom 60-600mm, grossissant dix fois.<\/p>\n","protected":false},"excerpt":{"rendered":"Un certain nombre de man\u0153uvres militaires a\u00e9riennes peu habituelles en Alsace ont \u00e9t\u00e9 aper\u00e7ues ces derniers temps. Parmi&hellip;\n","protected":false},"author":2,"featured_media":363762,"comment_status":"","ping_status":"","sticky":false,"template":"","format":"standard","meta":{"footnotes":""},"categories":[2820],"tags":[1111,11,2389,1777,674,107,1011,27,775,1757,12,25,640],"class_list":{"0":"post-363761","1":"post","2":"type-post","3":"status-publish","4":"format-standard","5":"has-post-thumbnail","7":"category-strasbourg","8":"tag-actu","9":"tag-actualites","10":"tag-alsace","11":"tag-eu","12":"tag-europe","13":"tag-fil-info","14":"tag-fr","15":"tag-france","16":"tag-grand-est","17":"tag-insolite","18":"tag-news","19":"tag-republique-francaise","20":"tag-strasbourg"},"share_on_mastodon":{"url":"https:\/\/pubeurope.com\/@fr\/115141548798391157","error":""},"_links":{"self":[{"href":"https:\/\/www.europesays.com\/fr\/wp-json\/wp\/v2\/posts\/363761","targetHints":{"allow":["GET"]}}],"collection":[{"href":"https:\/\/www.europesays.com\/fr\/wp-json\/wp\/v2\/posts"}],"about":[{"href":"https:\/\/www.europesays.com\/fr\/wp-json\/wp\/v2\/types\/post"}],"author":[{"embeddable":true,"href":"https:\/\/www.europesays.com\/fr\/wp-json\/wp\/v2\/users\/2"}],"replies":[{"embeddable":true,"href":"https:\/\/www.europesays.com\/fr\/wp-json\/wp\/v2\/comments?post=363761"}],"version-history":[{"count":0,"href":"https:\/\/www.europesays.com\/fr\/wp-json\/wp\/v2\/posts\/363761\/revisions"}],"wp:featuredmedia":[{"embeddable":true,"href":"https:\/\/www.europesays.com\/fr\/wp-json\/wp\/v2\/media\/363762"}],"wp:attachment":[{"href":"https:\/\/www.europesays.com\/fr\/wp-json\/wp\/v2\/media?parent=363761"}],"wp:term":[{"taxonomy":"category","embeddable":true,"href":"https:\/\/www.europesays.com\/fr\/wp-json\/wp\/v2\/categories?post=363761"},{"taxonomy":"post_tag","embeddable":true,"href":"https:\/\/www.europesays.com\/fr\/wp-json\/wp\/v2\/tags?post=363761"}],"curies":[{"name":"wp","href":"https:\/\/api.w.org\/{rel}","templated":true}]}}