{"id":363765,"date":"2025-09-03T17:30:14","date_gmt":"2025-09-03T17:30:14","guid":{"rendered":"https:\/\/www.europesays.com\/fr\/363765\/"},"modified":"2025-09-03T17:30:14","modified_gmt":"2025-09-03T17:30:14","slug":"liberation-jean-medecin-ces-quartiers-de-nice-ou-la-mairie-promet-de-serrer-la-vis-contre-la-delinquance","status":"publish","type":"post","link":"https:\/\/www.europesays.com\/fr\/363765\/","title":{"rendered":"Lib\u00e9ration, Jean-M\u00e9decin&#8230; Ces quartiers de Nice o\u00f9 la mairie promet de serrer la vis contre la d\u00e9linquance"},"content":{"rendered":"<p><strong>D&rsquo;ici \u00e0\u00a0la fin de l&rsquo;ann\u00e9e, la police municipale sera pr\u00e9sente en perma\u00adnence en trois points du centre connus pour concentrer des probl\u00e9\u00adma\u00adtiques d&rsquo;incivilit\u00e9s et parfois d&rsquo;ins\u00e9curit\u00e9.<\/strong><\/p>\n<p>\u00ab\u00a0Loin des clich\u00e9s de rivalit\u00e9, nous travaillons main dans la main, avec un objectif commun\u00a0: prot\u00e9ger les Ni\u00e7ois\u00a0\u00bb. Au cours d&rsquo;une c\u00e9r\u00e9monie d&rsquo;hommage donn\u00e9e ce mercredi 3\u00a0septembre, Christian Estrosi a\u00a0eu l&rsquo;occasion de louer le parte\u00adnariat de longue date nou\u00e9 entre les polices nationale et municipale. Mais c&rsquo;est sur l&rsquo;action de cette derni\u00e8re qu&rsquo;il a\u00a0donn\u00e9 quelques chiffres.<\/p>\n<p>\u00ab\u00a0Cet \u00e9t\u00e9, 440 inter\u00adpel\u00adla\u00adtions\u00a0\u00bb auront \u00e9t\u00e9 men\u00e9es par les agents communaux, tandis que 200 verba\u00adli\u00adsa\u00adtions ont \u00e9t\u00e9 dress\u00e9es contre les auteurs d&rsquo;incivilit\u00e9s. Par ailleurs, \u00ab\u00a050 commerces\u00a0\u00bb avaient \u00e9t\u00e9 ferm\u00e9s avant le top d\u00e9part de la saison, \u00ab\u00a0pour garantir des semaines plus apais\u00e9es\u00a0\u00bb. On pense l\u00e0 aux affaires hautement coutu\u00admi\u00e8res des tapages et regroupements.<\/p>\n<p>L&rsquo;\u00e9dile a\u00a0rappel\u00e9 l&rsquo;implication de ses policiers autour de la fermeture momen\u00adtan\u00e9e, dans le centre-\u200bville, de la \u00ab\u00a0rue des toxico\u00admanes\u00a0\u00bb. Parmi les faits divers qui ont le plus fait parler, Christian Estrosi a\u00a0\u00e9gren\u00e9 les cas de \u00ab\u00a0l&rsquo;agresseur de Christiane, notre &lsquo;mamie trafic&rsquo;, inter\u00adpell\u00e9 gr\u00e2ce \u00e0\u00a0la vid\u00e9o\u00adpro\u00adtection d\u00e9but juillet\u00a0\u00bb ; \u00ab\u00a0l&rsquo;auteur d&rsquo;un viol le 21 juillet, rue centrale, arr\u00eat\u00e9 par la police municipale\u00a0\u00bb ou encore \u00ab\u00a0celui de coups de couteau il y\u00a0a 48 heures pr\u00e8s de la gare\u00a0\u00bb, lui aussi inter\u00adcept\u00e9 par la \u00ab\u00a0PM\u00a0\u00bb.<\/p>\n<p>Regrettant l&rsquo;instabilit\u00e9 gouver\u00adne\u00admentale actuelle, celui qui est candidat \u00e0\u00a0sa r\u00e9\u00e9lection appelle l&rsquo;\u00c9tat \u00e0\u00a0enfin \u00e9tendre les comp\u00e9\u00adtences des effectifs locaux, notamment la capacit\u00e9 \u00e0\u00a0contr\u00f4ler les identit\u00e9s ou \u00e0\u00a0faire d\u00e9coller des drones.<\/p>\n<p><img loading=\"lazy\" decoding=\"async\" width=\"1120\" height=\"630\" src=\"data:image\/svg+xml,%3Csvg%20xmlns=\" http:=\"\" alt=\"IMG 5203\" class=\"wp-image-248751\" title=\"Lib\u00e9ration, Jean-M\u00e9decin... Ces quartiers de Nice o\u00f9 la mairie promet de serrer la vis contre la d\u00e9linquance 1\" data-lazy- data-lazy- data-lazy-src=\"https:\/\/www.europesays.com\/fr\/wp-content\/uploads\/2025\/09\/IMG_5203-1120x630.jpg\"\/>\u00a9 Nice-\u200bPresse<\/p>\n<p>Ce \u00ab\u00a0gaz hilarant\u00a0\u00bb qui ne fait plus rire du\u00a0tout<\/p>\n<p>Dans les semaines \u00e0\u00a0venir, la mairie d\u00e9voilera une nouvelle appli\u00adcation pour les smart\u00adphones, \u00ab\u00a0All\u00f4 PM\u00a0\u00bb, \u00ab\u00a0qui permettra aux Ni\u00e7ois de nous signaler des incivi\u00adlit\u00e9s et des actes de d\u00e9lin\u00adquance\u00a0\u00bb. Un num\u00e9ro unique sera \u00e9galement d\u00e9ploy\u00e9, le 3606, pour joindre plus rapidement la police municipale.<\/p>\n<p>Cet \u00e9t\u00e9, les \u00ab\u00a0points info\u00a0\u00bb, des gu\u00e9rites install\u00e9es dans le centre histo\u00adrique, auront accueilli 3000 personnes. Prochainement, ces points fixes, cette fois \u00ab\u00a0exclu\u00adsi\u00advement tourn\u00e9s vers les questions de s\u00e9curit\u00e9\u00a0\u00bb, seront install\u00e9s sur l&rsquo;avenue Jean-\u200bM\u00e9decin, \u00e0\u00a0la Gare du Sud et sur la place Garibaldi.<\/p>\n<p>Par ailleurs, tel que <a href=\"https:\/\/nicepresse.com\/jeunes-drogues-au-gaz-hilarant-accidents-tapage-la-ville-de-nice-serre-les-boulons-face-au-protoxyde-dazote-et-secoue-letat\/\" rel=\"nofollow noopener\" target=\"_blank\">Nice-\u200bPresse le d\u00e9veloppait dans cet article<\/a> il y\u00a0a quelques jours, la munici\u00adpalit\u00e9 interdira, au 1er octobre, la vente de gaz hilarant, agr\u00e9gateur de troubles en tout genre, pour les mineurs comme pour les adultes.<\/p>\n<p><a href=\"https:\/\/anneedelamer.nice.fr\/\" rel=\"nofollow noopener\" target=\"_blank\"><img loading=\"lazy\" decoding=\"async\" width=\"300\" height=\"300\" src=\"data:image\/svg+xml,%3Csvg%20xmlns=\" http:=\"\" alt=\"\" class=\"wp-image-235449\" data-lazy-src=\"https:\/\/www.europesays.com\/fr\/wp-content\/uploads\/2025\/04\/IMG_1416-2.png\"\/><\/a><\/p>\n","protected":false},"excerpt":{"rendered":"D&rsquo;ici \u00e0\u00a0la fin de l&rsquo;ann\u00e9e, la police municipale sera pr\u00e9sente en perma\u00adnence en trois points du centre connus&hellip;\n","protected":false},"author":2,"featured_media":363766,"comment_status":"","ping_status":"","sticky":false,"template":"","format":"standard","meta":{"footnotes":""},"categories":[2819],"tags":[1111,11,1777,674,1011,27,12,2401,882,25],"class_list":{"0":"post-363765","1":"post","2":"type-post","3":"status-publish","4":"format-standard","5":"has-post-thumbnail","7":"category-nice","8":"tag-actu","9":"tag-actualites","10":"tag-eu","11":"tag-europe","12":"tag-fr","13":"tag-france","14":"tag-news","15":"tag-nice","16":"tag-provence-alpes-cote-dazur","17":"tag-republique-francaise"},"share_on_mastodon":{"url":"https:\/\/pubeurope.com\/@fr\/115141556543578063","error":""},"_links":{"self":[{"href":"https:\/\/www.europesays.com\/fr\/wp-json\/wp\/v2\/posts\/363765","targetHints":{"allow":["GET"]}}],"collection":[{"href":"https:\/\/www.europesays.com\/fr\/wp-json\/wp\/v2\/posts"}],"about":[{"href":"https:\/\/www.europesays.com\/fr\/wp-json\/wp\/v2\/types\/post"}],"author":[{"embeddable":true,"href":"https:\/\/www.europesays.com\/fr\/wp-json\/wp\/v2\/users\/2"}],"replies":[{"embeddable":true,"href":"https:\/\/www.europesays.com\/fr\/wp-json\/wp\/v2\/comments?post=363765"}],"version-history":[{"count":0,"href":"https:\/\/www.europesays.com\/fr\/wp-json\/wp\/v2\/posts\/363765\/revisions"}],"wp:featuredmedia":[{"embeddable":true,"href":"https:\/\/www.europesays.com\/fr\/wp-json\/wp\/v2\/media\/363766"}],"wp:attachment":[{"href":"https:\/\/www.europesays.com\/fr\/wp-json\/wp\/v2\/media?parent=363765"}],"wp:term":[{"taxonomy":"category","embeddable":true,"href":"https:\/\/www.europesays.com\/fr\/wp-json\/wp\/v2\/categories?post=363765"},{"taxonomy":"post_tag","embeddable":true,"href":"https:\/\/www.europesays.com\/fr\/wp-json\/wp\/v2\/tags?post=363765"}],"curies":[{"name":"wp","href":"https:\/\/api.w.org\/{rel}","templated":true}]}}