{"id":363767,"date":"2025-09-03T17:31:15","date_gmt":"2025-09-03T17:31:15","guid":{"rendered":"https:\/\/www.europesays.com\/fr\/363767\/"},"modified":"2025-09-03T17:31:15","modified_gmt":"2025-09-03T17:31:15","slug":"nice-rentree-scolaire-110-cours-amenagees-dici-2026","status":"publish","type":"post","link":"https:\/\/www.europesays.com\/fr\/363767\/","title":{"rendered":"NICE : Rentr\u00e9e scolaire, 110 cours am\u00e9nag\u00e9es d\u2019ici 2026"},"content":{"rendered":"<p style=\"text-align: left;\"><strong>Christian Estrosi,\u00a0Maire de Nice, Pr\u00e9sident de la M\u00e9tropole Nice C\u00f4te d\u2019Azur,\u00a0est all\u00e9 \u00e0 la rencontre des \u00e9l\u00e8ves et des personnels municipaux et de l\u2019Education Nationale de l\u2019\u00e9cole\u00a0primaire Rancher pour leur souhaiter une bonne rentr\u00e9e. Il s\u2019est ensuite rendu \u00e0 l\u2019\u00e9cole priv\u00e9e sous contrat Regina Coeli.<\/strong><\/p>\n<p style=\"text-align: left;\">En amont de ces visites, le Maire a tenu un point presse au CSU, dans la salle d\u00e9di\u00e9e \u00e0 la surveillance des \u00e9coles. Il a annonc\u00e9 la pr\u00e9sentation et le lancement dans les prochains jours d\u2019une application, WARY ME, visant \u00e0 renforcer la transmission d\u2019informations au sein des \u00e9coles. Celle-ci vient juste d\u2019\u00eatre valid\u00e9e par la CNIL.<\/p>\n<p style=\"text-align: left;\">Travaux, verdissement des cours, culture, sant\u00e9, sport, inclusion\u2026 dans tous les domaines, la Ville agit pour que les \u00e9l\u00e8ves et les personnels municipaux et de l\u2019Education Nationale travaillent et s\u2019\u00e9panouissent dans les meilleures conditions dans les \u00e9coles de Nice.<\/p>\n<p style=\"text-align: left;\"><strong>A un environnement respectueux de leur sant\u00e9<\/strong><\/p>\n<p style=\"text-align: left;\">La ville de Nice \u0153uvre au quotidien pour la sant\u00e9 des Ni\u00e7oises et des Ni\u00e7ois et particuli\u00e8rement des plus jeunes. Par le biais de nombreuses mesures, la municipalit\u00e9 am\u00e9liore le cadre de vie des \u00e9coliers.<\/p>\n<p style=\"text-align: left;\"><strong>V\u00e9g\u00e9talisation des cours d\u2019\u00e9cole : 110 cours am\u00e9nag\u00e9es d\u2019ici 2026<\/strong><\/p>\n<p style=\"text-align: left;\">En ad\u00e9quation avec son Plan Climat 2025, la Ville de Nice, a fait du verdissement des cours d\u2019\u00e9coles une priorit\u00e9. En am\u00e9nageant plus d\u2019espaces verts, il s\u2019agit \u00e0 la fois d\u2019am\u00e9liorer le bien-\u00eatre, la sant\u00e9 et le cadre de vie des \u00e9l\u00e8ves et des \u00e9quipes \u00e9ducatives en cr\u00e9ant des ilots de fraicheur qui favorisent la baisse des temp\u00e9ratures, mais aussi de sensibiliser \u00e0 la protection de la nature.<\/p>\n<p style=\"text-align: left;\">Au total pr\u00e8s de 110 cours (90 actuellement) seront v\u00e9g\u00e9talis\u00e9es et perm\u00e9abilis\u00e9es d\u2019ici 2026, soit environ 1 hectare pour un investissement de 3 millions d\u2019euros (500 000 euros par an). Cet \u00e9t\u00e9, des travaux de v\u00e9g\u00e9talisation des cours ont \u00e9t\u00e9 men\u00e9s dans 5 \u00e9coles pour cr\u00e9er des ilots de fra\u00eecheur pour un co\u00fbt global de 315 000\u20ac : maternelles Bellanda et Chalet des Roses, \u00e9l\u00e9mentaires Caucade, du Ch\u00e2teau et Saint Barth\u00e9l\u00e9my 1.<\/p>\n<p style=\"text-align: left;\"><strong>SOURCE : Rentr\u00e9e scolaire dans les \u00e9coles de la Ville de Nice. <\/strong><\/p>\n","protected":false},"excerpt":{"rendered":"Christian Estrosi,\u00a0Maire de Nice, Pr\u00e9sident de la M\u00e9tropole Nice C\u00f4te d\u2019Azur,\u00a0est all\u00e9 \u00e0 la rencontre des \u00e9l\u00e8ves et&hellip;\n","protected":false},"author":2,"featured_media":362189,"comment_status":"","ping_status":"","sticky":false,"template":"","format":"standard","meta":{"footnotes":""},"categories":[2819],"tags":[1111,11,1777,674,1011,27,12,2401,882,25],"class_list":{"0":"post-363767","1":"post","2":"type-post","3":"status-publish","4":"format-standard","5":"has-post-thumbnail","7":"category-nice","8":"tag-actu","9":"tag-actualites","10":"tag-eu","11":"tag-europe","12":"tag-fr","13":"tag-france","14":"tag-news","15":"tag-nice","16":"tag-provence-alpes-cote-dazur","17":"tag-republique-francaise"},"share_on_mastodon":{"url":"https:\/\/pubeurope.com\/@fr\/115141560590299043","error":""},"_links":{"self":[{"href":"https:\/\/www.europesays.com\/fr\/wp-json\/wp\/v2\/posts\/363767","targetHints":{"allow":["GET"]}}],"collection":[{"href":"https:\/\/www.europesays.com\/fr\/wp-json\/wp\/v2\/posts"}],"about":[{"href":"https:\/\/www.europesays.com\/fr\/wp-json\/wp\/v2\/types\/post"}],"author":[{"embeddable":true,"href":"https:\/\/www.europesays.com\/fr\/wp-json\/wp\/v2\/users\/2"}],"replies":[{"embeddable":true,"href":"https:\/\/www.europesays.com\/fr\/wp-json\/wp\/v2\/comments?post=363767"}],"version-history":[{"count":0,"href":"https:\/\/www.europesays.com\/fr\/wp-json\/wp\/v2\/posts\/363767\/revisions"}],"wp:featuredmedia":[{"embeddable":true,"href":"https:\/\/www.europesays.com\/fr\/wp-json\/wp\/v2\/media\/362189"}],"wp:attachment":[{"href":"https:\/\/www.europesays.com\/fr\/wp-json\/wp\/v2\/media?parent=363767"}],"wp:term":[{"taxonomy":"category","embeddable":true,"href":"https:\/\/www.europesays.com\/fr\/wp-json\/wp\/v2\/categories?post=363767"},{"taxonomy":"post_tag","embeddable":true,"href":"https:\/\/www.europesays.com\/fr\/wp-json\/wp\/v2\/tags?post=363767"}],"curies":[{"name":"wp","href":"https:\/\/api.w.org\/{rel}","templated":true}]}}