{"id":363768,"date":"2025-09-03T17:32:11","date_gmt":"2025-09-03T17:32:11","guid":{"rendered":"https:\/\/www.europesays.com\/fr\/363768\/"},"modified":"2025-09-03T17:32:11","modified_gmt":"2025-09-03T17:32:11","slug":"morgann-est-partie-au-congo-pour-lutter-contre-la-deforestation","status":"publish","type":"post","link":"https:\/\/www.europesays.com\/fr\/363768\/","title":{"rendered":"Morgann&rsquo; est partie au Congo pour lutter contre la d\u00e9forestation"},"content":{"rendered":"<p>            Par<br \/>\n        <strong><br \/>\n            <a href=\"https:\/\/actu.fr\/auteur\/emma-derome\" title=\"Consulter tous les articles de Emma Derome\" target=\"_blank\" rel=\"noopener\">Emma Derome<\/a><br \/>\n        <\/strong><\/p>\n<p>        Publi\u00e9 le<\/p>\n<p>            3 sept. 2025 \u00e0 18h11        <\/p>\n<p>\u00ab\u2009Je ne suis pas juste la petite blanche \u00e9trang\u00e8re qui vient montrer comment il faut faire [\u2026], c\u2019est un v\u00e9ritable \u00e9change.\u2009\u00bb \u00c0 28\u00a0ans, Morgann\u2019 Cordier a la t\u00eate sur les \u00e9paules. Cette ing\u00e9nieure agronome, n\u00e9e en Polyn\u00e9sie fran\u00e7aise, mais pass\u00e9e par Nantes pour sa formation, a eu l\u2019opportunit\u00e9 de partir pour un <strong>volontariat au c\u0153ur de la for\u00eat d\u2019Afrique centrale,<\/strong> au Congo. Elle revient pour <a href=\"https:\/\/actu.fr\/nantes\/\" target=\"_blank\" rel=\"noopener\">actu Nantes<\/a> sur son engagement.<\/p>\n<p>Aider concr\u00e8tement \u00e0 lutter contre la d\u00e9forestation<\/p>\n<p class=\" wall-content\">Le volontariat, en France ou \u00e0 l\u2019international, s\u00e9duit de plus en plus les jeunes, en qu\u00eate d\u2019aventure, de sens et d\u2019une exp\u00e9rience int\u00e9ressante \u00e0 mettre en valeur sur le CV. Chez Morgann\u2019, c\u2019est aussi sa passion pour la for\u00eat et l\u2019envie de s\u2019engager qui l\u2019ont pouss\u00e9e \u00e0 se porter volontaire.<\/p>\n<blockquote class=\"ac-article-quote wall-content\">\n<p>Je voulais partir voyager, aller ailleurs. (&#8230;) Mais j&rsquo;avais aussi cette envie d&rsquo;aider, avec mes comp\u00e9tences. La for\u00eat, si hostile mais si accueillante \u00e0 la fois, nous permet de respirer, en s\u00e9questrant du CO2 et en produisant de l&rsquo;oxyg\u00e8ne, nous apporte de l&rsquo;ombrage, accueille toute une biodiversit\u00e9&#8230; Cet engagement \u00e9cologique, je l&rsquo;ai par ma g\u00e9n\u00e9ration aussi.<\/p>\n<p>    <strong>Morgann&rsquo; Cordier<\/strong>\n            <\/p><\/blockquote>\n<p class=\" wall-content\">Sa mission sera d\u2019<strong>\u00e9tudier l\u2019exploitation foresti\u00e8re<\/strong> d\u2019une partie d\u00e9limit\u00e9e de la for\u00eat du bassin du Congo. Ce massif forestier de plus de<strong> 240\u00a0millions d\u2019hectares<\/strong> est la deuxi\u00e8me plus grande for\u00eat tropicale humide au monde, juste apr\u00e8s l\u2019Amazonie. Un <strong>v\u00e9ritable poumon vert<\/strong> beaucoup moins connu du grand public que cette derni\u00e8re.<\/p>\n<p class=\" wall-content\">Morgann\u2019 sera bas\u00e9e \u00e0 Ou\u00e9sso, au nord du Congo, \u00e0 la fronti\u00e8re avec le Cameroun. L\u00e0-bas, la jeune femme va effectuer des<strong> mesures scientifiques<\/strong> sur des parcelles exploit\u00e9es pour leur bois, pour<strong> comprendre leur impact<\/strong> sur la for\u00eat, dans l\u2019optique qu\u2019elles soient exploit\u00e9es le plus raisonnablement possible.<\/p>\n<p>    <img   decoding=\"async\" loading=\"lazy\" src=\"https:\/\/www.europesays.com\/fr\/wp-content\/uploads\/2025\/09\/morganncordier-congo-960x640.png\" alt=\"Morgann' Cordier\" width=\"960\" height=\"640\"\/><br \/>\n    Morgann\u2019 Cordier va effectuer des mesures scientifiques dans le cadre de son volontariat. (\u00a9Morgann\u2019 Cordier \/ photo transmise \u00e0 actu Nantes)<\/p>\n<p class=\" wall-content\">Sa mission lui a \u00e9t\u00e9 confi\u00e9e par le <a href=\"https:\/\/www.cirad.fr\/dans-le-monde\/nos-directions-regionales\/afrique-centrale\/pays\/congo\" target=\"_blank\" rel=\"noopener\">Cirad<\/a>, le centre de coop\u00e9ration internationale de la recherche agronomique pour le d\u00e9veloppement, mais correspond \u00e0 un programme de volontariat global, V-For\u00eat, <a href=\"https:\/\/france-volontaires.org\/actualite\/bassin-du-congo-programme-v-forets-volontaires-pour-la-preservation-des-forets\/\" target=\"_blank\" rel=\"noopener\">co-construit avec les pays africains<\/a> pour la pr\u00e9servation des \u00e9cosyst\u00e8mes.<\/p>\n<p>Votre r\u00e9gion, votre actu !<\/p>\n<p>Recevez chaque jour les infos qui comptent pour vous.<\/p>\n<p>\t<a href=\"https:\/\/actu.fr\/newsletter\" class=\"ac-btn ac-btn--corner ac-btn--medium ac-btn--blue800\" target=\"_blank\" rel=\"noopener\">S&rsquo;incrire<\/a><\/p>\n<blockquote class=\"ac-article-quote wall-content\">\n<p>Le but est de v\u00e9rifier que les recommandations scientifiques en mati\u00e8re de durabilit\u00e9 sont bien suivies. Par exemple, il est conseill\u00e9 de laisser une parcelle se reposer pendant 30 ans avant de l&rsquo;exploiter \u00e0 nouveau ; de pr\u00e9server la faune, car c&rsquo;est gr\u00e2ce \u00e0 elle que les graines sont dispers\u00e9es et qu&rsquo;il y a un brassage des esp\u00e8ces d&rsquo;arbre ; de laisser ce que l&rsquo;on appelle des trou\u00e9es pour permettre aux rayons du soleil de toucher le sol, afin que ces graines puissent pousser et permettre \u00e0 la for\u00eat de se r\u00e9g\u00e9n\u00e9rer naturellement, etc.\u00a0<\/p>\n<p>    <strong>Morgann&rsquo; Cordier<\/strong>\n            <\/p><\/blockquote>\n<p class=\" wall-content\">La volontaire, arriv\u00e9e il y a peu dans le pays, exulte d\u00e9j\u00e0\u2009: <strong>\u00ab\u2009c\u2019est une exp\u00e9rience incroyable\u2009\u00bb<\/strong>, nous raconte-t-elle, alors qu\u2019elle s\u2019appr\u00eate \u00e0 r\u00e9aliser un voyage de deux jours complets, des nuits en cabanes ou en bivouac au milieu de la for\u00eat.<\/p>\n<p class=\" wall-content\">Elle assure qu\u2019il n\u2019y a <strong>pas de dimension n\u00e9ocolonialiste<\/strong> dans cette d\u00e9marche. \u00ab\u2009Je vais me mettre \u00e0 disposition de la mission, mais aussi monter en comp\u00e9tences. Je ne suis pas juste une petite blanche \u00e9trang\u00e8re qui vient montrer comment il faudrait faire. Non, je viens aider mais aussi apprendre, c\u2019est un \u00e9change. <strong>Il n\u2019y a aucune position de sup\u00e9riorit\u00e9, je ne suis pas indispensable.\u2009\u00bb<\/strong><\/p>\n<p>Partir en volontariat, \u00e7a veut dire quoi\u2009?<\/p>\n<p class=\" wall-content\">Dipl\u00f4m\u00e9e en agro-d\u00e9veloppement international, Morgann\u2019 a \u00e9t\u00e9 envoy\u00e9e \u00e0 l\u2019\u00e9tranger par la <a href=\"https:\/\/ladcc.org\/\" target=\"_blank\" rel=\"noopener\">DCC<\/a> (d\u00e9l\u00e9gation catholique pour la coop\u00e9ration), l\u2019organisme qui lui permet de r\u00e9aliser son VSI (volontariat de solidarit\u00e9 international). Elle s\u2019est<strong> engag\u00e9e pour un an,<\/strong> mais certains volontaires ne partent que six mois, d\u2019autres restent trois ans.<\/p>\n<p class=\" wall-content\">Le pr\u00e9requis est d\u2019<strong>avoir un dipl\u00f4me ou une certification<\/strong> dans son domaine de pr\u00e9dilection. \u00ab\u2009Il y a des m\u00e9decins, des managers, des charg\u00e9s de communication ou des psychologues, qu\u2019ils soient des retrait\u00e9s, des jeunes majeurs et m\u00eame des familles, de toutes religions et m\u00eame sans religion\u2009\u00bb, raconte Morgann\u2019.<\/p>\n<blockquote class=\"ac-article-quote wall-content\">\n<p>C\u2019est tr\u00e8s s\u00e9curisant, s\u2019il y a un probl\u00e8me sanitaire ou de l\u2019instabilit\u00e9 politique, on peut \u00eatre rapatri\u00e9.<\/p>\n<p>    <strong>Morgann&rsquo; Cordier<\/strong>\n            <\/p><\/blockquote>\n<p class=\" wall-content\">L\u2019ing\u00e9nieure, qui a \u00e9t\u00e9 form\u00e9e par la DCC \u00e0 Nantes pendant dix jours, estime avoir \u00e9t\u00e9 \u00ab\u2009tr\u00e8s bien pr\u00e9par\u00e9e\u2009\u00bb \u00e0 son d\u00e9part, avec des cours sur le pays, sur sa politique et son contexte socio-culturel. Par la suite, <strong>tout est pris en charge\u2009:<\/strong> le transport, l\u2019h\u00e9bergement, les frais comme le forfait t\u00e9l\u00e9phonique ou l\u2019assurance rapatriement.<\/p>\n<p class=\" wall-content\">Le ou la volontaire re\u00e7oit <strong>une indemnit\u00e9<\/strong> qui correspond au niveau de vie dans le pays, qui lui permet de couvrir ses frais alimentaires et ses activit\u00e9s personnelles, qui s\u2019\u00e9chelonne en centaines d\u2019euros selon la destination.<\/p>\n<blockquote class=\"ac-article-quote wall-content\">\n<p>Ici la question de l&rsquo;eau est centrale, il y a une v\u00e9ritable in\u00e9galit\u00e9 de distribution. \u00c7a nous renvoie \u00e0 notre consommation d&rsquo;eau, mais aussi de nourriture. On est moins dans l&rsquo;individualisme.<\/p>\n<p>    <strong>Morgann&rsquo; Cordier<\/strong>\n            <\/p><\/blockquote>\n<p class=\" wall-content\">Morgann\u2019 incite ceux qui ont envie de se lancer dans l\u2019aventure \u00e0 le faire pour se rendre compte de leur position privil\u00e9gi\u00e9e. Mais attention aux organismes non reconnus d\u2019utilit\u00e9 publique, <strong>les arnaques existent.<\/strong><\/p>\n<p class=\" wall-content\">Personnalisez votre actualit\u00e9 en ajoutant vos villes et m\u00e9dias en favori avec <a href=\"https:\/\/moncompte.actu.fr\" title=\"D\u00e9couvez Mon Actu\" rel=\"nofollow noopener\" data-trk=\"{&quot;cta&quot;:{&quot;action&quot;:&quot;https:\\\/\\\/moncompte.actu.fr&quot;,&quot;category&quot;:&quot;mon compte&quot;,&quot;from&quot;:&quot;article footer&quot;,&quot;name&quot;:&quot;Mon actu&quot;,&quot;type&quot;:&quot;cta&quot;}}\" target=\"_blank\">Mon Actu<\/a>.<\/p>\n","protected":false},"excerpt":{"rendered":"Par Emma Derome Publi\u00e9 le 3 sept. 2025 \u00e0 18h11 \u00ab\u2009Je ne suis pas juste la petite blanche&hellip;\n","protected":false},"author":2,"featured_media":363769,"comment_status":"","ping_status":"","sticky":false,"template":"","format":"standard","meta":{"footnotes":""},"categories":[2818],"tags":[1111,11,51,436,1777,674,1011,27,766,12,2636,52,25,586],"class_list":{"0":"post-363768","1":"post","2":"type-post","3":"status-publish","4":"format-standard","5":"has-post-thumbnail","7":"category-nantes","8":"tag-actu","9":"tag-actualites","10":"tag-ecologie","11":"tag-environnement","12":"tag-eu","13":"tag-europe","14":"tag-fr","15":"tag-france","16":"tag-nantes","17":"tag-news","18":"tag-pays-de-la-loire","19":"tag-planete","20":"tag-republique-francaise","21":"tag-voyage"},"share_on_mastodon":{"url":"https:\/\/pubeurope.com\/@fr\/115141564915490086","error":""},"_links":{"self":[{"href":"https:\/\/www.europesays.com\/fr\/wp-json\/wp\/v2\/posts\/363768","targetHints":{"allow":["GET"]}}],"collection":[{"href":"https:\/\/www.europesays.com\/fr\/wp-json\/wp\/v2\/posts"}],"about":[{"href":"https:\/\/www.europesays.com\/fr\/wp-json\/wp\/v2\/types\/post"}],"author":[{"embeddable":true,"href":"https:\/\/www.europesays.com\/fr\/wp-json\/wp\/v2\/users\/2"}],"replies":[{"embeddable":true,"href":"https:\/\/www.europesays.com\/fr\/wp-json\/wp\/v2\/comments?post=363768"}],"version-history":[{"count":0,"href":"https:\/\/www.europesays.com\/fr\/wp-json\/wp\/v2\/posts\/363768\/revisions"}],"wp:featuredmedia":[{"embeddable":true,"href":"https:\/\/www.europesays.com\/fr\/wp-json\/wp\/v2\/media\/363769"}],"wp:attachment":[{"href":"https:\/\/www.europesays.com\/fr\/wp-json\/wp\/v2\/media?parent=363768"}],"wp:term":[{"taxonomy":"category","embeddable":true,"href":"https:\/\/www.europesays.com\/fr\/wp-json\/wp\/v2\/categories?post=363768"},{"taxonomy":"post_tag","embeddable":true,"href":"https:\/\/www.europesays.com\/fr\/wp-json\/wp\/v2\/tags?post=363768"}],"curies":[{"name":"wp","href":"https:\/\/api.w.org\/{rel}","templated":true}]}}