{"id":363770,"date":"2025-09-03T17:33:29","date_gmt":"2025-09-03T17:33:29","guid":{"rendered":"https:\/\/www.europesays.com\/fr\/363770\/"},"modified":"2025-09-03T17:33:29","modified_gmt":"2025-09-03T17:33:29","slug":"starligue-sur-quelle-chaine-suivre-le-choc-entre-chambery-et-nantes","status":"publish","type":"post","link":"https:\/\/www.europesays.com\/fr\/363770\/","title":{"rendered":"Starligue. Sur quelle cha\u00eene suivre le choc entre Chamb\u00e9ry et Nantes ?"},"content":{"rendered":"<p>Un choc pour d\u00e9marrer la Starligue. <a href=\"https:\/\/www.ledauphine.com\/sport\/2025\/09\/03\/mission-accomplie-sans-accroc-pour-chambery\" target=\"_blank\" rel=\"noopener\">Forts de leur succ\u00e8s en Coupe de France face \u00e0 Pontault-Combault (27-32)<\/a>, les Chamb\u00e9riens d\u00e9fient Nantes ce vendredi (20 heures) au Phare dans ce qui constitue le choc de la premi\u00e8re journ\u00e9e de championnat.<\/p>\n<p>La saison derni\u00e8re, les Savoyards s&rsquo;\u00e9taient inclin\u00e9s lors du match aller (<a href=\"https:\/\/www.ledauphine.com\/sport\/2024\/12\/07\/chambery-depasse-a-nantes\" target=\"_blank\" rel=\"noopener\">32-25<\/a>) avant de faire match nul (<a href=\"https:\/\/www.ledauphine.com\/sport\/2025\/06\/04\/chambery-tient-nantes-en-respect\" target=\"_blank\" rel=\"noopener\">28-28<\/a>) au Phare.<\/p>\n<p>La rencontre sera donc \u00e0 suivre ce vendredi (20 heures) sur BeIN Sports 1. Une fois la rencontre termin\u00e9e, un compte-rendu sera disponible sur <a href=\"https:\/\/www.ledauphine.com\/\" target=\"_blank\" rel=\"noopener\">notre site internet<\/a>.<\/p>\n","protected":false},"excerpt":{"rendered":"Un choc pour d\u00e9marrer la Starligue. Forts de leur succ\u00e8s en Coupe de France face \u00e0 Pontault-Combault (27-32),&hellip;\n","protected":false},"author":2,"featured_media":363771,"comment_status":"","ping_status":"","sticky":false,"template":"","format":"standard","meta":{"footnotes":""},"categories":[2818],"tags":[1111,11,5509,12844,14465,7001,1777,674,1701,1011,27,1792,766,12,2636,25,5508,517,1947],"class_list":{"0":"post-363770","1":"post","2":"type-post","3":"status-publish","4":"format-standard","5":"has-post-thumbnail","7":"category-nantes","8":"tag-actu","9":"tag-actualites","10":"tag-chambery","11":"tag-chambery-bassin","12":"tag-csh-chambery-savoie-handball","13":"tag-edition-chambery-aix-les-bains","14":"tag-eu","15":"tag-europe","16":"tag-fil-info-sport","17":"tag-fr","18":"tag-france","19":"tag-handball","20":"tag-nantes","21":"tag-news","22":"tag-pays-de-la-loire","23":"tag-republique-francaise","24":"tag-savoie","25":"tag-sport","26":"tag-sport-national"},"share_on_mastodon":{"url":"https:\/\/pubeurope.com\/@fr\/115141568367366570","error":""},"_links":{"self":[{"href":"https:\/\/www.europesays.com\/fr\/wp-json\/wp\/v2\/posts\/363770","targetHints":{"allow":["GET"]}}],"collection":[{"href":"https:\/\/www.europesays.com\/fr\/wp-json\/wp\/v2\/posts"}],"about":[{"href":"https:\/\/www.europesays.com\/fr\/wp-json\/wp\/v2\/types\/post"}],"author":[{"embeddable":true,"href":"https:\/\/www.europesays.com\/fr\/wp-json\/wp\/v2\/users\/2"}],"replies":[{"embeddable":true,"href":"https:\/\/www.europesays.com\/fr\/wp-json\/wp\/v2\/comments?post=363770"}],"version-history":[{"count":0,"href":"https:\/\/www.europesays.com\/fr\/wp-json\/wp\/v2\/posts\/363770\/revisions"}],"wp:featuredmedia":[{"embeddable":true,"href":"https:\/\/www.europesays.com\/fr\/wp-json\/wp\/v2\/media\/363771"}],"wp:attachment":[{"href":"https:\/\/www.europesays.com\/fr\/wp-json\/wp\/v2\/media?parent=363770"}],"wp:term":[{"taxonomy":"category","embeddable":true,"href":"https:\/\/www.europesays.com\/fr\/wp-json\/wp\/v2\/categories?post=363770"},{"taxonomy":"post_tag","embeddable":true,"href":"https:\/\/www.europesays.com\/fr\/wp-json\/wp\/v2\/tags?post=363770"}],"curies":[{"name":"wp","href":"https:\/\/api.w.org\/{rel}","templated":true}]}}