{"id":363772,"date":"2025-09-03T17:34:18","date_gmt":"2025-09-03T17:34:18","guid":{"rendered":"https:\/\/www.europesays.com\/fr\/363772\/"},"modified":"2025-09-03T17:34:18","modified_gmt":"2025-09-03T17:34:18","slug":"le-get-un-club-dentreprises-attentif-a-la-sante-des-dirigeants","status":"publish","type":"post","link":"https:\/\/www.europesays.com\/fr\/363772\/","title":{"rendered":"Le GET, un club d\u2019entreprises attentif \u00e0 la sant\u00e9 des dirigeants"},"content":{"rendered":"<p>\n\t\t\t\t\t\t\t\t\t\u00c0 Talence, le GET f\u00eate cette ann\u00e9e ses quinze ans d\u2019existence. Cr\u00e9dits : GET\n\t\t\t\t\t\t\t\t<\/p>\n<p>Le Groupement des entrepreneurs talen\u00e7ais repr\u00e9sente une centaine d\u2019entreprises adh\u00e9rentes sur la commune de Talence. Apr\u00e8s avoir mis la convivialit\u00e9 au centre de ses actions, le GET franchit une nouvelle \u00e9tape en cr\u00e9ant des \u00e9changes plus business sous la forme d\u2019afterworks.<\/p>\n<p>Le Groupement des entrepreneurs talen\u00e7ais (GET) f\u00eate cette ann\u00e9e ses quinze ans d\u2019existence. Pr\u00e9sid\u00e9 depuis 2022 par Pierre-Jean Fournier, le GET compte une centaine d\u2019adh\u00e9rents install\u00e9s exclusivement sur la commune de Talence. \u00ab On a beaucoup d\u2019entreprises individuelles. Contrairement \u00e0 Pessac ou M\u00e9rignac, on n\u2019a pas d\u2019industrie ou de grosses PME, \u00e0 l\u2019exception de Leclerc ou d\u2019Intermarch\u00e9 \u00bb, explique le pr\u00e9sident. S\u2019appuyant sur cinq \u00e0 dix salari\u00e9s maximum, les soci\u00e9t\u00e9s adh\u00e9rentes \u00e9voluent principalement dans les secteurs de l\u2019immobilier, du notariat, de l\u2019assurance ou du commerce sur Internet.  <\/p>\n<p>De la convivialit\u00e9, de la solidarit\u00e9 et \u00ab\u00a0un peu plus de business\u00a0\u00bb<\/p>\n<p> Le club organise des repas mensuels o\u00f9 une quarantaine d\u2019adh\u00e9rents sont pr\u00e9sents. \u00ab\u00a0On a un taux de conversion tr\u00e8s important. C\u2019est le r\u00e9sultat du travail men\u00e9 sur la convivialit\u00e9  depuis le d\u00e9but par l\u2019\u00e9quipe \u00bb, souligne le pr\u00e9sident. Des \u00e9v\u00e9nements durant lesquels un membre potentiel ou un dirigeant en difficult\u00e9 peut \u00eatre invit\u00e9 en toute discr\u00e9tion. \u00ab\u00a0Plusieurs de nos membres ont \u00e9t\u00e9 sensibilis\u00e9s aux signes permettant d\u2019identifier un dirigeant en souffrance. C\u2019est la p\u00e9riode qui nous a orient\u00e9s vers \u00e7a\u00a0\u00bb, indique Pierre-Jean Fournier. Une quinzaine de conf\u00e9rences visant \u00e0 former et\/ou informer les adh\u00e9rents sont ainsi organis\u00e9es chaque ann\u00e9e. Les sujets sont abord\u00e9s par des experts membres du r\u00e9seau, la Chambre de commerce, Talence Innovation ou encore la Fondation pour la recherche m\u00e9dicale avec laquelle le GET est li\u00e9 par une convention. Plus r\u00e9cemment, le club a aussi cr\u00e9\u00e9 trois groupes de travail. \u00ab\u00a0Ces afterworks mensuels ont pour vocation de faire un peu plus de business \u00bb, annonce le pr\u00e9sident. L\u2019un, actif depuis un an, est d\u00e9di\u00e9 aux \u00e9changes autour du b\u00e2timent et les deux autres en cours de lancement sont ax\u00e9s sur le BtoC et le BtoB. \u00ab\u00a0C\u2019est prendre un peu de respiration avec des gens qu\u2019on appr\u00e9cie tout en faisant un peu de business. La convivialit\u00e9 c\u2019est bien mais ce n\u2019est pas suffisant \u00bb, conclut le pr\u00e9sident.<\/p>\n","protected":false},"excerpt":{"rendered":"\u00c0 Talence, le GET f\u00eate cette ann\u00e9e ses quinze ans d\u2019existence. Cr\u00e9dits : GET Le Groupement des entrepreneurs&hellip;\n","protected":false},"author":2,"featured_media":363773,"comment_status":"","ping_status":"","sticky":false,"template":"","format":"standard","meta":{"footnotes":""},"categories":[2817],"tags":[1111,11,1997,1777,674,1011,27,12,2219,5645,25],"class_list":{"0":"post-363772","1":"post","2":"type-post","3":"status-publish","4":"format-standard","5":"has-post-thumbnail","7":"category-bordeaux","8":"tag-actu","9":"tag-actualites","10":"tag-bordeaux","11":"tag-eu","12":"tag-europe","13":"tag-fr","14":"tag-france","15":"tag-news","16":"tag-nouvelle-aquitaine","17":"tag-placco-placeco","18":"tag-republique-francaise"},"share_on_mastodon":{"url":"https:\/\/pubeurope.com\/@fr\/115141572317058683","error":""},"_links":{"self":[{"href":"https:\/\/www.europesays.com\/fr\/wp-json\/wp\/v2\/posts\/363772","targetHints":{"allow":["GET"]}}],"collection":[{"href":"https:\/\/www.europesays.com\/fr\/wp-json\/wp\/v2\/posts"}],"about":[{"href":"https:\/\/www.europesays.com\/fr\/wp-json\/wp\/v2\/types\/post"}],"author":[{"embeddable":true,"href":"https:\/\/www.europesays.com\/fr\/wp-json\/wp\/v2\/users\/2"}],"replies":[{"embeddable":true,"href":"https:\/\/www.europesays.com\/fr\/wp-json\/wp\/v2\/comments?post=363772"}],"version-history":[{"count":0,"href":"https:\/\/www.europesays.com\/fr\/wp-json\/wp\/v2\/posts\/363772\/revisions"}],"wp:featuredmedia":[{"embeddable":true,"href":"https:\/\/www.europesays.com\/fr\/wp-json\/wp\/v2\/media\/363773"}],"wp:attachment":[{"href":"https:\/\/www.europesays.com\/fr\/wp-json\/wp\/v2\/media?parent=363772"}],"wp:term":[{"taxonomy":"category","embeddable":true,"href":"https:\/\/www.europesays.com\/fr\/wp-json\/wp\/v2\/categories?post=363772"},{"taxonomy":"post_tag","embeddable":true,"href":"https:\/\/www.europesays.com\/fr\/wp-json\/wp\/v2\/tags?post=363772"}],"curies":[{"name":"wp","href":"https:\/\/api.w.org\/{rel}","templated":true}]}}