{"id":363774,"date":"2025-09-03T17:35:15","date_gmt":"2025-09-03T17:35:15","guid":{"rendered":"https:\/\/www.europesays.com\/fr\/363774\/"},"modified":"2025-09-03T17:35:15","modified_gmt":"2025-09-03T17:35:15","slug":"des-universitaires-de-bordeaux-et-toulouse-viennent-donner-des-conferences-passionnantes-sur-notre-societe-et-ses-evolutions-a-nerac","status":"publish","type":"post","link":"https:\/\/www.europesays.com\/fr\/363774\/","title":{"rendered":"Des universitaires de Bordeaux et Toulouse viennent donner des conf\u00e9rences passionnantes sur notre soci\u00e9t\u00e9 et ses \u00e9volutions \u00e0 N\u00e9rac"},"content":{"rendered":"<p>\n                                                                    l&rsquo;essentiel<br \/>\n                                                                Pour la troisi\u00e8me ann\u00e9e cons\u00e9cutive, en parall\u00e8le de l\u2019Albret Jazz Festival, la mairie de N\u00e9rac, en partenariat avec l\u2019institut d\u2019analyse et de prospective des tendances soci\u00e9tales \u00e9conomiques et manag\u00e9riales, propose une journ\u00e9e de conf\u00e9rences instructives et poussant \u00e0 r\u00e9fl\u00e9chir sur le monde qui nous entoure le 13\u00a0septembre.\n                            <\/p>\n<p>Habituellement, ces conf\u00e9rences se tiennent \u00e0 Bordeaux. Mais gr\u00e2ce au relais du professeur Jean-Fran\u00e7ois Trinquecoste, l\u2019information scientifique ou technique arrive dans les territoires ruraux. Et on ne s\u2019en plaindra pas.<\/p>\n<p class=\"std-elt__inline\">\n        <strong>\u00c0 lire aussi :<\/strong><br \/>\n        <a href=\"https:\/\/www.ladepeche.fr\/2024\/09\/11\/jean-francois-trinquecoste-faire-sortir-luniversite-jusqua-nerac-12189860.php\" rel=\"nofollow noopener\" target=\"_blank\">Jean-Fran\u00e7ois Trinquecoste : \u00ab\u00a0Faire sortir l\u2019universit\u00e9 jusqu\u2019\u00e0 N\u00e9rac\u00a0\u00bb<\/a>\n    <\/p>\n<p>L\u2019objectif de ces Rencontres de N\u00e9rac est de transmettre le savoir universitaire et de rendre la culture et les connaissances accessibles et compr\u00e9hensibles \u00e0 tous, dans un cadre convivial. Ainsi, le samedi 13\u00a0septembre prochain, au cin\u00e9ma Le Margot, cinq experts universitaires et praticiens sp\u00e9cialistes viennent restituer et transmettre les acquis de leurs recherches et de leurs travaux. Et ouvrir un dialogue avec le public.<\/p>\n<p class=\"std-elt__inline\">\n        <strong>\u00c0 lire aussi :<\/strong><br \/>\n        <a href=\"https:\/\/www.ladepeche.fr\/2025\/09\/01\/les-ecoles-de-nerac-ne-sont-pas-epargnees-par-la-baisse-des-effectifs-12904701.php\" rel=\"nofollow noopener\" target=\"_blank\">Les \u00e9coles de N\u00e9rac ne sont pas \u00e9pargn\u00e9es par la baisse des effectifs<\/a>\n    <\/p>\n<p>\u00c0 9\u00a0heures, Jean-Fran\u00e7ois Trinquecoste ouvre les d\u00e9bats sur le th\u00e8me \u00ab\u00a0Faut-il pr\u00e9f\u00e9rer une soci\u00e9t\u00e9 o\u00f9 la libert\u00e9 \u00e9conomique prime sur tout, au risque de creuser les in\u00e9galit\u00e9s\u00a0? Ou bien, plut\u00f4t, une d\u00e9mocratie qui prot\u00e8ge l\u2019\u00e9galit\u00e9, quitte \u00e0 restreindre certaines libert\u00e9s\u00a0?\u00a0\u00bb A 9\u00a0h\u00a050, Philippe Reynet, professeur honoraire de l\u2019\u00e9cole de commerce Kedge, s\u2019interrogera sur \u00ab\u00a0Enseigner \u2013 Apprendre avec l\u2019IA\u00a0\u00bb.<\/p>\n<p>\u00c9conomie, intelligence artificielle, r\u00e9seaux sociaux\u2026<\/p>\n<p>En suivant, \u00e0 10\u00a0h\u00a040, place aux r\u00e9seaux sociaux et leur place dans la soci\u00e9t\u00e9 \u00ab\u00a0pour le meilleur et pour le pire\u00a0\u00bb, avec l\u2019intervention d\u2019\u00c9ric Vernette, professeur \u00e9m\u00e9rite de sciences de gestion \u00e0 la Toulouse School of Management. \u00c0 la reprise \u00e0 14\u00a0heures, Jean-Christophe Pereau, professeur en sciences \u00e9conomiques \u00e0 l\u2019universit\u00e9 de Bordeaux, expliquera pourquoi le capitalisme s\u2019autod\u00e9truit \u00e0 d\u00e9faut de s\u2019autor\u00e9guler\u00a0? Enfin, Benoit Le Blanc, professeur de sciences cognitives et directeur de l\u2019ENSC, cl\u00f4turera sur l\u2019IA\u00a0: transforme-t-elle nos soci\u00e9t\u00e9s et quels d\u00e9fis cela pose-t-il\u00a0?<br \/>Des sources de r\u00e9flexion qui ne manqueront pas de captiver l\u2019auditoire n\u00e9racais. Une chance surtout d\u2019avoir acc\u00e8s, dans nos campagnes, \u00e0 ce savoir.<\/p>\n","protected":false},"excerpt":{"rendered":"l&rsquo;essentiel Pour la troisi\u00e8me ann\u00e9e cons\u00e9cutive, en parall\u00e8le de l\u2019Albret Jazz Festival, la mairie de N\u00e9rac, en partenariat&hellip;\n","protected":false},"author":2,"featured_media":363775,"comment_status":"","ping_status":"","sticky":false,"template":"","format":"standard","meta":{"footnotes":""},"categories":[2817],"tags":[1111,11,1997,1777,674,1011,27,12,2219,25],"class_list":{"0":"post-363774","1":"post","2":"type-post","3":"status-publish","4":"format-standard","5":"has-post-thumbnail","7":"category-bordeaux","8":"tag-actu","9":"tag-actualites","10":"tag-bordeaux","11":"tag-eu","12":"tag-europe","13":"tag-fr","14":"tag-france","15":"tag-news","16":"tag-nouvelle-aquitaine","17":"tag-republique-francaise"},"share_on_mastodon":{"url":"https:\/\/pubeurope.com\/@fr\/115141576660828385","error":""},"_links":{"self":[{"href":"https:\/\/www.europesays.com\/fr\/wp-json\/wp\/v2\/posts\/363774","targetHints":{"allow":["GET"]}}],"collection":[{"href":"https:\/\/www.europesays.com\/fr\/wp-json\/wp\/v2\/posts"}],"about":[{"href":"https:\/\/www.europesays.com\/fr\/wp-json\/wp\/v2\/types\/post"}],"author":[{"embeddable":true,"href":"https:\/\/www.europesays.com\/fr\/wp-json\/wp\/v2\/users\/2"}],"replies":[{"embeddable":true,"href":"https:\/\/www.europesays.com\/fr\/wp-json\/wp\/v2\/comments?post=363774"}],"version-history":[{"count":0,"href":"https:\/\/www.europesays.com\/fr\/wp-json\/wp\/v2\/posts\/363774\/revisions"}],"wp:featuredmedia":[{"embeddable":true,"href":"https:\/\/www.europesays.com\/fr\/wp-json\/wp\/v2\/media\/363775"}],"wp:attachment":[{"href":"https:\/\/www.europesays.com\/fr\/wp-json\/wp\/v2\/media?parent=363774"}],"wp:term":[{"taxonomy":"category","embeddable":true,"href":"https:\/\/www.europesays.com\/fr\/wp-json\/wp\/v2\/categories?post=363774"},{"taxonomy":"post_tag","embeddable":true,"href":"https:\/\/www.europesays.com\/fr\/wp-json\/wp\/v2\/tags?post=363774"}],"curies":[{"name":"wp","href":"https:\/\/api.w.org\/{rel}","templated":true}]}}