{"id":363778,"date":"2025-09-03T17:37:10","date_gmt":"2025-09-03T17:37:10","guid":{"rendered":"https:\/\/www.europesays.com\/fr\/363778\/"},"modified":"2025-09-03T17:37:10","modified_gmt":"2025-09-03T17:37:10","slug":"des-policiers-ont-ete-menaces-plusieurs-impacts-de-tirs-retrouves","status":"publish","type":"post","link":"https:\/\/www.europesays.com\/fr\/363778\/","title":{"rendered":"des policiers ont \u00e9t\u00e9 menac\u00e9s, plusieurs impacts de tirs retrouv\u00e9s"},"content":{"rendered":"<p>            Par<br \/>\n        <strong><br \/>\n            <a href=\"https:\/\/actu.fr\/auteur\/david-saint-sernin\" title=\"Consulter tous les articles de David Saint-Sernin\" rel=\"nofollow noopener\" target=\"_blank\">David Saint-Sernin<\/a><br \/>\n        <\/strong><\/p>\n<p>        Publi\u00e9 le<\/p>\n<p>            3 sept. 2025 \u00e0 19h32        <\/p>\n<p>Mercredi 3\u00a0septembre 2025, vers 2h du matin,<a href=\"https:\/\/actu.fr\/occitanie\/toulouse_31555\/toulouse-en-patrouille-au-pied-des-immeubles-des-agents-vises-par-des-tirs-de-mortiers_63024548.html\" rel=\"nofollow noopener\" target=\"_blank\"> quartier Bellefontaine \u00e0 Toulouse<\/a>, une <a href=\"https:\/\/actu.fr\/toulouse\/faits-divers\" rel=\"nofollow noopener\" target=\"_blank\">patrouille de police<\/a> a \u00e9t\u00e9 appel\u00e9e par des riverains suite \u00e0 des tirs en rafale d\u2019armes automatique.<\/p>\n<p>Une patrouille menac\u00e9e<\/p>\n<p class=\" wall-content\">\u00ab\u00a0Quand la patrouille arrive sur place, elle tombe sur plusieurs individus. L\u2019un d\u2019entre-eux poss\u00e8de une \u00ab\u00a0arme longue. Il met en joue la patrouille, sans tirer\u00a0\u00bb, indique le parquet de Toulouse \u00e0 Actu Toulouse, confirmant ainsi une information <a href=\"https:\/\/www.ladepeche.fr\/2025\/09\/03\/info-la-depeche-fusillade-dans-une-cite-toulousaine-des-policiers-vises-par-un-homme-arme-12907934.php\" rel=\"nofollow noopener\" target=\"_blank\">de La D\u00e9p\u00eache du Midi.<\/a><\/p>\n<p class=\" wall-content\">Les hommes quittent les lieux en voiture. La police s\u2019approche et d\u00e9couvre sur place des douilles et 19 \u00e9tuis de gros calibres pouvant \u00eatre compatibles avec une kalachnikov. Il n\u2019y a pas eu de bless\u00e9, mais des impacts ont \u00e9t\u00e9 retrouv\u00e9s sur des murs d\u2019habitation\u00a0\u00bb, indique le Parquet de Toulouse.<\/p>\n<p class=\" wall-content\">Une enqu\u00eate a \u00e9t\u00e9 ouverte.<\/p>\n<p>Des agents du GITeS pris pour cible en ao\u00fbt<\/p>\n<p class=\" wall-content\">Dans la nuit du dimanche\u00a010 au lundi 11\u00a0ao\u00fbt 2025, c\u2019\u00e9taient des agents du GITeS (groupement interquartiers de tranquillit\u00e9 et de s\u00fbret\u00e9) qui avaient \u00e9t\u00e9 pris pour cible dans le quartier Bellefontaine.<\/p>\n<p class=\" wall-content\">Les faits s\u2019\u00e9taient produits alors qu\u2019ils \u00e9taient en surveillance au niveau d\u2019un hall d\u2019immeuble. Ils avaient \u00e9t\u00e9 pris \u00e0 partie par un groupe de jeunes.\u00a0L\u2019un des agents du GITeS est bless\u00e9 au bras.<\/p>\n<p>Vid\u00e9os : en ce moment sur Actu<\/p>\n<p class=\" wall-content\">Personnalisez votre actualit\u00e9 en ajoutant vos villes et m\u00e9dias en favori avec <a href=\"https:\/\/moncompte.actu.fr\" title=\"D\u00e9couvez Mon Actu\" rel=\"nofollow noopener\" data-trk=\"{&quot;cta&quot;:{&quot;action&quot;:&quot;https:\\\/\\\/moncompte.actu.fr&quot;,&quot;category&quot;:&quot;mon compte&quot;,&quot;from&quot;:&quot;article footer&quot;,&quot;name&quot;:&quot;Mon actu&quot;,&quot;type&quot;:&quot;cta&quot;}}\" target=\"_blank\">Mon Actu<\/a>.<\/p>\n","protected":false},"excerpt":{"rendered":"Par David Saint-Sernin Publi\u00e9 le 3 sept. 2025 \u00e0 19h32 Mercredi 3\u00a0septembre 2025, vers 2h du matin, quartier&hellip;\n","protected":false},"author":2,"featured_media":363779,"comment_status":"","ping_status":"","sticky":false,"template":"","format":"standard","meta":{"footnotes":""},"categories":[2816],"tags":[1111,11,1052,1777,674,118,1011,27,12,2680,1072,25,2312],"class_list":{"0":"post-363778","1":"post","2":"type-post","3":"status-publish","4":"format-standard","5":"has-post-thumbnail","7":"category-toulouse","8":"tag-actu","9":"tag-actualites","10":"tag-drogue","11":"tag-eu","12":"tag-europe","13":"tag-faits-divers","14":"tag-fr","15":"tag-france","16":"tag-news","17":"tag-occitanie","18":"tag-police","19":"tag-republique-francaise","20":"tag-toulouse"},"share_on_mastodon":{"url":"https:\/\/pubeurope.com\/@fr\/115141584164114190","error":""},"_links":{"self":[{"href":"https:\/\/www.europesays.com\/fr\/wp-json\/wp\/v2\/posts\/363778","targetHints":{"allow":["GET"]}}],"collection":[{"href":"https:\/\/www.europesays.com\/fr\/wp-json\/wp\/v2\/posts"}],"about":[{"href":"https:\/\/www.europesays.com\/fr\/wp-json\/wp\/v2\/types\/post"}],"author":[{"embeddable":true,"href":"https:\/\/www.europesays.com\/fr\/wp-json\/wp\/v2\/users\/2"}],"replies":[{"embeddable":true,"href":"https:\/\/www.europesays.com\/fr\/wp-json\/wp\/v2\/comments?post=363778"}],"version-history":[{"count":0,"href":"https:\/\/www.europesays.com\/fr\/wp-json\/wp\/v2\/posts\/363778\/revisions"}],"wp:featuredmedia":[{"embeddable":true,"href":"https:\/\/www.europesays.com\/fr\/wp-json\/wp\/v2\/media\/363779"}],"wp:attachment":[{"href":"https:\/\/www.europesays.com\/fr\/wp-json\/wp\/v2\/media?parent=363778"}],"wp:term":[{"taxonomy":"category","embeddable":true,"href":"https:\/\/www.europesays.com\/fr\/wp-json\/wp\/v2\/categories?post=363778"},{"taxonomy":"post_tag","embeddable":true,"href":"https:\/\/www.europesays.com\/fr\/wp-json\/wp\/v2\/tags?post=363778"}],"curies":[{"name":"wp","href":"https:\/\/api.w.org\/{rel}","templated":true}]}}