{"id":363780,"date":"2025-09-03T17:38:15","date_gmt":"2025-09-03T17:38:15","guid":{"rendered":"https:\/\/www.europesays.com\/fr\/363780\/"},"modified":"2025-09-03T17:38:15","modified_gmt":"2025-09-03T17:38:15","slug":"lille-59-meeting-avec-philippe-poutou","status":"publish","type":"post","link":"https:\/\/www.europesays.com\/fr\/363780\/","title":{"rendered":"Lille (59) : Meeting avec Philippe poutou"},"content":{"rendered":"<p><strong>Braderie de Lille anticapitaliste et \u00e9cologiste : meeting avec Philippe Poutou puis table ronde unitaire sur le 10 septembre et les municipales<\/strong><\/p>\n<p>Il est temps d\u2019engranger des victoires politiques et de lib\u00e9rer Lille du joug du PS, qui l\u2019a ab\u00eem\u00e9.<\/p>\n<p>Pour cela, L\u2019Offensive, le NPA \u2013 l\u2019Anticapitaliste et l\u2019Action Antifasciste NP2C ont d\u00e9cid\u00e9 de s\u2019unir afin de mettre en \u0153uvre une politique \u00e9cologiste ambitieuse, orient\u00e9e \u00e0 d\u00e9fendre les int\u00e9r\u00eats des classes populaires, des plus exploit\u00e9\u00b7es et opprim\u00e9\u00b7es, d\u2019assumer une rupture claire avec le capitalisme et de promouvoir la d\u00e9mocratie directe.<\/p>\n<p>Nos organisations ont \u00e9galement lanc\u00e9 des discussions avec de nombreux partis et associations de la ville pour construire l\u2019union la plus large possible de notre camp social le 10 septembre dans la rue, puis aux municipales 2026 pour prendre la ville.<br \/>\u00a0<\/p>\n<p><strong>Programme du dimanche 7 septembre :<\/strong><\/p>\n<p>11h30, au stand du NPA-A (Porte de Paris)<\/p>\n<p><strong>Meeting commun de Philippe Poutou (NPA \u2013 l\u2019Anticapitaliste)<\/strong> et de<strong> Victor A\u00eftouche (L\u2019Offensive) <\/strong>sur la campagne des municipales 2026 et la mobilisation du 10 septembre.<br \/>14h30, au stand de l\u2019Offensive (Porte de Paris)<\/p>\n<p><strong>Table ronde \u00ab Lille : s\u2019unir pour vaincre \u00bb<\/strong><\/p>\n<p>En pr\u00e9sence de :<\/p>\n<p>&#8211; NPA \u2013 l\u2019Anticapitaliste<\/p>\n<p>&#8211; \u00a0L\u2019Offensive<br \/>&#8211; La France Insoumise<br \/>&#8211; Action Antifasciste NP2C<br \/>&#8211; Les Soul\u00e8vements de la Terre<br \/>&#8211; Jeunesses Communistes du Nord<br \/>&#8211; Union pour la Reconstruction Communiste<br \/>&#8211; liste \u00ab Haubourdin Alternative Citoyenne \u00bb<br \/>&#8211; collectif <a href=\"http:\/\/onestla.tech\/\" rel=\"nofollow noopener\" target=\"_blank\">onestla.tech<\/a><\/p>\n<p>La participation d\u2019autres collectifs militants sera annonc\u00e9e prochainement.<\/p>\n<p>\u00a0<\/p>\n<p>Et retrouvez-nous tout le weekend de la Braderie sur les stands du NPA-A \u00a0et de l&rsquo;Offensive !\u00a0<\/p>\n<p>\u00a0<\/p>\n<p>Retrouvez-nous sur les r\u00e9seaux :<\/p>\n<p>\u00a0<\/p>\n<p><a href=\"https:\/\/www.instagram.com\/npa_lille\/\" rel=\"nofollow noopener\" target=\"_blank\">https:\/\/www.instagram.com\/npa_lille\/<\/a><\/p>\n<p><a href=\"https:\/\/www.facebook.com\/npalille\/\" rel=\"nofollow noopener\" target=\"_blank\">https:\/\/www.facebook.com\/npalille\/<\/a>\u00a0<\/p>\n<p><a href=\"https:\/\/x.com\/npalille\" rel=\"nofollow\">https:\/\/x.com\/npalille<\/a>\u00a0<\/p>\n<p>\n\u00a0<\/p>\n<p><script async src=\"\/\/www.instagram.com\/embed.js\"><\/script><\/p>\n","protected":false},"excerpt":{"rendered":"Braderie de Lille anticapitaliste et \u00e9cologiste : meeting avec Philippe Poutou puis table ronde unitaire sur le 10&hellip;\n","protected":false},"author":2,"featured_media":363781,"comment_status":"","ping_status":"","sticky":false,"template":"","format":"standard","meta":{"footnotes":""},"categories":[2815],"tags":[1111,11,1777,674,1011,27,811,1307,12,25],"class_list":{"0":"post-363780","1":"post","2":"type-post","3":"status-publish","4":"format-standard","5":"has-post-thumbnail","7":"category-lille","8":"tag-actu","9":"tag-actualites","10":"tag-eu","11":"tag-europe","12":"tag-fr","13":"tag-france","14":"tag-hauts-de-france","15":"tag-lille","16":"tag-news","17":"tag-republique-francaise"},"share_on_mastodon":{"url":"https:\/\/pubeurope.com\/@fr\/115141588078523384","error":""},"_links":{"self":[{"href":"https:\/\/www.europesays.com\/fr\/wp-json\/wp\/v2\/posts\/363780","targetHints":{"allow":["GET"]}}],"collection":[{"href":"https:\/\/www.europesays.com\/fr\/wp-json\/wp\/v2\/posts"}],"about":[{"href":"https:\/\/www.europesays.com\/fr\/wp-json\/wp\/v2\/types\/post"}],"author":[{"embeddable":true,"href":"https:\/\/www.europesays.com\/fr\/wp-json\/wp\/v2\/users\/2"}],"replies":[{"embeddable":true,"href":"https:\/\/www.europesays.com\/fr\/wp-json\/wp\/v2\/comments?post=363780"}],"version-history":[{"count":0,"href":"https:\/\/www.europesays.com\/fr\/wp-json\/wp\/v2\/posts\/363780\/revisions"}],"wp:featuredmedia":[{"embeddable":true,"href":"https:\/\/www.europesays.com\/fr\/wp-json\/wp\/v2\/media\/363781"}],"wp:attachment":[{"href":"https:\/\/www.europesays.com\/fr\/wp-json\/wp\/v2\/media?parent=363780"}],"wp:term":[{"taxonomy":"category","embeddable":true,"href":"https:\/\/www.europesays.com\/fr\/wp-json\/wp\/v2\/categories?post=363780"},{"taxonomy":"post_tag","embeddable":true,"href":"https:\/\/www.europesays.com\/fr\/wp-json\/wp\/v2\/tags?post=363780"}],"curies":[{"name":"wp","href":"https:\/\/api.w.org\/{rel}","templated":true}]}}