{"id":363782,"date":"2025-09-03T17:39:10","date_gmt":"2025-09-03T17:39:10","guid":{"rendered":"https:\/\/www.europesays.com\/fr\/363782\/"},"modified":"2025-09-03T17:39:10","modified_gmt":"2025-09-03T17:39:10","slug":"braderie-de-lille-decouvrez-les-bancs-a-base-de-coquilles-de-moules-recyclees","status":"publish","type":"post","link":"https:\/\/www.europesays.com\/fr\/363782\/","title":{"rendered":"Braderie de Lille\u00a0: d\u00e9couvrez les bancs \u00e0 base de coquilles de moules recycl\u00e9es"},"content":{"rendered":"<p>10 bancs \u00e0 base de coquilles de moules collect\u00e9es lors de la braderie 2024 viennent d&rsquo;\u00eatre install\u00e9s dans un square, \u00e0 Lille, \u00e0 la veille de l&rsquo;\u00e9dition 2025 de la plus grande plus grande brocante d&rsquo;Europe\u00a0! Ils sont plus \u00e9cologiques, plus faciles \u00e0 entretenir et devraient durer plus longtemps.<\/p>\n<p>Ils ont d\u00e9j\u00e0 trouv\u00e9 leurs adeptes\u00a0! Square Augustin Laurent, devant l&rsquo;h\u00f4tel de ville de Lille, cette jeune habitante, est assise sur l&rsquo;un des 10 bancs compos\u00e9s de coquilles de moules recycl\u00e9es\u00a0: \u00ab\u00a0je ne savais pas, s&rsquo;\u00e9tonne la promeneuse. C&rsquo;est bien, c&rsquo;est \u00e9cologique. Il me donne plus envie que les bancs en bois, il est beau, il est gris, il est plus joli\u00a0\u00bb. Les coquilles de moules ont \u00e9t\u00e9 collect\u00e9es lors de la braderie 2024. 5 tonnes au total. Il a d&rsquo;abord fallu les nettoyer pendant 3 mois explique Esp\u00e9rance Fenzy, fondateur de la soci\u00e9t\u00e9 Etnisi, \u00e0 Roubaix, qui a con\u00e7u ce mobilier urbain un peu particulier\u00a0: \u00ab\u00a0quand on r\u00e9cup\u00e8re les coquilles de moules \u00e0 la fin de la braderie, on a un peu de gobelets, de lingettes rince-doigts, de la chair (des crustac\u00e9s), de la sauce Maroilles,&#8230; elle n&rsquo;est donc pas exploitable en l&rsquo;\u00e9tat\u00a0\u00bb. Les coquilles \u00ab\u00a0propres\u00a0\u00bb sont ensuite broy\u00e9es avant d&rsquo;\u00eatre m\u00e9lang\u00e9s \u00e0 des billes de calcaire, de la poussi\u00e8re de verre et un liant pour agglom\u00e9rer l&rsquo;ensemble.<\/p>\n<p><img loading=\"lazy\" decoding=\"async\" class=\"VisualPreview svelte-1rldrkz\" src=\"data:image\/jpeg;base64,\/9j\/2wBDACgcHiMeGSgjISMtKygwPGRBPDc3PHtYXUlkkYCZlo+AjIqgtObDoKrarYqMyP\/L2u71\/\/\/\/m8H\/\/\/\/6\/+b9\/\/j\/2wBDASstLTw1PHZBQXb4pYyl+Pj4+Pj4+Pj4+Pj4+Pj4+Pj4+Pj4+Pj4+Pj4+Pj4+Pj4+Pj4+Pj4+Pj4+Pj4+Pj4+Pj\/wAARCAAfACoDASIAAhEBAxEB\/8QAFwABAQEBAAAAAAAAAAAAAAAAAgEAA\/\/EABcQAQEBAQAAAAAAAAAAAAAAAAABAhH\/xAAWAQEBAQAAAAAAAAAAAAAAAAABAAL\/xAAWEQEBAQAAAAAAAAAAAAAAAAAAARH\/2gAMAwEAAhEDEQA\/AFxisGsxKsEosJNxoQQ6jnXfUcrGoAKJwswo4SZh8Zwv\/9k=\" alt=\"Julien Pilette, adjoint au maire de Lille charg\u00e9 de l'\u00e9conomie circulaire.\" width=\"600\" height=\"450\"\/>  Julien Pilette, adjoint au maire de Lille charg\u00e9 de l&rsquo;\u00e9conomie circulaire. \u00a9 Radio France &#8211; St\u00e9phane BarbereauDeux fois plus cher mais jusqu&rsquo;\u00e0 5 fois plus durable<\/p>\n<p>Chaque banc est compos\u00e9 de 10 lames de 14 kilos chacune compos\u00e9e \u00e0 55% de coquilles de moules recycl\u00e9es. Ce mobilier urbain \u00e9cologique se veut \u00e9galement plus pratique \u00e0 entretenir et c&rsquo;est un v\u00e9ritable enjeu pour <strong>Julien Pilette, adjoint au maire de Lille charg\u00e9 de l&rsquo;\u00e9conomie circulaire<\/strong>\u00a0: \u00ab\u00a0ce n&rsquo;est pas que pour la photo, on a r\u00e9fl\u00e9chi au design en g\u00e9n\u00e9ral, explique l&rsquo;\u00e9lu. On a identifi\u00e9 les probl\u00e8mes sur les bancs qui sont les tags, l&rsquo;usure. Avec l&rsquo;eau, le bois, \u00e7a pourrit et tout cela, c&rsquo;est du temps-agent. Les agents, qui font tr\u00e8s bien leur travail, passaient du temps sur leur agenda pour restaurer les bancs. Ici, on a un banc plus solide, un peu plus long \u00e0 installer mais on le nettoie tr\u00e8s facilement avec un petit chiffon ou du papier de verre pour enlever une gravure\u00a0\u00bb. A l&rsquo;achat, <strong>le banc a co\u00fbt\u00e9 environ 2 fois plus cher qu&rsquo;un banc en bois mais sa dur\u00e9e de vie pourrait aller jusqu&rsquo;\u00e0 5 ans, voire 10 ans quand une lame en bois d&rsquo;un banc traditionnel peut \u00eatre durer de 3 mois \u00e0 2 ans en moyenne<\/strong>.<\/p>\n","protected":false},"excerpt":{"rendered":"10 bancs \u00e0 base de coquilles de moules collect\u00e9es lors de la braderie 2024 viennent d&rsquo;\u00eatre install\u00e9s dans&hellip;\n","protected":false},"author":2,"featured_media":363783,"comment_status":"","ping_status":"","sticky":false,"template":"","format":"standard","meta":{"footnotes":""},"categories":[2815],"tags":[1111,11,1777,674,1011,27,811,1307,12,25],"class_list":{"0":"post-363782","1":"post","2":"type-post","3":"status-publish","4":"format-standard","5":"has-post-thumbnail","7":"category-lille","8":"tag-actu","9":"tag-actualites","10":"tag-eu","11":"tag-europe","12":"tag-fr","13":"tag-france","14":"tag-hauts-de-france","15":"tag-lille","16":"tag-news","17":"tag-republique-francaise"},"share_on_mastodon":{"url":"https:\/\/pubeurope.com\/@fr\/115141591997032643","error":""},"_links":{"self":[{"href":"https:\/\/www.europesays.com\/fr\/wp-json\/wp\/v2\/posts\/363782","targetHints":{"allow":["GET"]}}],"collection":[{"href":"https:\/\/www.europesays.com\/fr\/wp-json\/wp\/v2\/posts"}],"about":[{"href":"https:\/\/www.europesays.com\/fr\/wp-json\/wp\/v2\/types\/post"}],"author":[{"embeddable":true,"href":"https:\/\/www.europesays.com\/fr\/wp-json\/wp\/v2\/users\/2"}],"replies":[{"embeddable":true,"href":"https:\/\/www.europesays.com\/fr\/wp-json\/wp\/v2\/comments?post=363782"}],"version-history":[{"count":0,"href":"https:\/\/www.europesays.com\/fr\/wp-json\/wp\/v2\/posts\/363782\/revisions"}],"wp:featuredmedia":[{"embeddable":true,"href":"https:\/\/www.europesays.com\/fr\/wp-json\/wp\/v2\/media\/363783"}],"wp:attachment":[{"href":"https:\/\/www.europesays.com\/fr\/wp-json\/wp\/v2\/media?parent=363782"}],"wp:term":[{"taxonomy":"category","embeddable":true,"href":"https:\/\/www.europesays.com\/fr\/wp-json\/wp\/v2\/categories?post=363782"},{"taxonomy":"post_tag","embeddable":true,"href":"https:\/\/www.europesays.com\/fr\/wp-json\/wp\/v2\/tags?post=363782"}],"curies":[{"name":"wp","href":"https:\/\/api.w.org\/{rel}","templated":true}]}}