{"id":363785,"date":"2025-09-03T17:41:10","date_gmt":"2025-09-03T17:41:10","guid":{"rendered":"https:\/\/www.europesays.com\/fr\/363785\/"},"modified":"2025-09-03T17:41:10","modified_gmt":"2025-09-03T17:41:10","slug":"pierre-jouvet-secretaire-general-du-ps-sinterroge-comment-un-homme-violent-et-dangereux-peut-etre-en-liberte","status":"publish","type":"post","link":"https:\/\/www.europesays.com\/fr\/363785\/","title":{"rendered":"Pierre Jouvet, secr\u00e9taire g\u00e9n\u00e9ral du PS, s&rsquo;interroge \u00ab\u00a0comment un homme violent et dangereux peut \u00eatre en libert\u00e9?\u00a0\u00bb"},"content":{"rendered":"<p>Attaque au couteau \u00e0 Marseille: Pierre Jouvet, secr\u00e9taire g\u00e9n\u00e9ral du PS, s&rsquo;interroge \u00ab\u00a0comment un homme violent et dangereux peut \u00eatre en libert\u00e9?\u00a0\u00bbSur le m\u00eame sujet<a href=\"https:\/\/www.bfmtv.com\/police-justice\/video-attaque-au-couteau-a-marseille-cette-personne-n-aurait-jamais-du-etre-en-france-estime-jean-philippe-tanguy-depute-rn-de-la-somme_VN-202509030840.html\" title=\"Attaque au couteau \u00e0 Marseille: &quot;Cette personne n&#039;aurait jamais d\u00fb \u00eatre en France&quot;, estime Jean-Philippe Tanguy, d\u00e9put\u00e9 RN de la Somme\" rel=\"nofollow noopener\" target=\"_blank\"><img width=\"16\" height=\"9\" class=\"lozad\"  alt=\"Attaque au couteau \u00e0 Marseille: &quot;Cette personne n'aurait jamais d\u00fb \u00eatre en France&quot;, estime Jean-Philippe Tanguy, d\u00e9put\u00e9 RN de la Somme\"\/>1:54Attaque au couteau \u00e0 Marseille: \u00ab\u00a0Cette personne n&rsquo;aurait jamais d\u00fb \u00eatre en France\u00a0\u00bb, estime Jean-Philippe Tanguy, d\u00e9put\u00e9 RN de la Somme<\/a><a href=\"https:\/\/www.bfmtv.com\/police-justice\/video-attaque-au-couteau-a-marseille-pierre-jouvet-secretaire-general-du-ps-s-interroge-comment-un-homme-violent-et-dangereux-peut-etre-en-liberte_VN-202509030835.html\" title=\"Attaque au couteau \u00e0 Marseille: Pierre Jouvet, secr\u00e9taire g\u00e9n\u00e9ral du PS, s&#039;interroge &quot;comment un homme violent et dangereux peut \u00eatre en libert\u00e9?&quot;\" rel=\"nofollow noopener\" target=\"_blank\"><img width=\"16\" height=\"9\" class=\"lozad\"  alt=\"Attaque au couteau \u00e0 Marseille: Pierre Jouvet, secr\u00e9taire g\u00e9n\u00e9ral du PS, s'interroge &quot;comment un homme violent et dangereux peut \u00eatre en libert\u00e9?&quot;\"\/>en lectureAttaque au couteau \u00e0 Marseille: Pierre Jouvet, secr\u00e9taire g\u00e9n\u00e9ral du PS, s&rsquo;interroge \u00ab\u00a0comment un homme violent et dangereux peut \u00eatre en libert\u00e9?\u00a0\u00bb<\/a><a href=\"https:\/\/www.bfmtv.com\/police-justice\/video-mobilisation-du-10-septembre-l-inquietude-c-est-la-derive-avec-la-violence-indique-frederic-aureal-ancien-haut-fonctionnaire-de-police-au-ministere-de-l-interieur_VN-202509030795.html\" title=\"Mobilisation du 10 septembre: &quot;L&#039;inqui\u00e9tude, c&#039;est la d\u00e9rive avec la violence&quot;, indique Fr\u00e9d\u00e9ric Aur\u00e9al, ancien Haut fonctionnaire de police au minist\u00e8re de l&#039;Int\u00e9rieur\" rel=\"nofollow noopener\" target=\"_blank\"><img width=\"16\" height=\"9\" class=\"lozad\"  alt=\"Mobilisation du 10 septembre: &quot;L'inqui\u00e9tude, c'est la d\u00e9rive avec la violence&quot;, indique Fr\u00e9d\u00e9ric Aur\u00e9al, ancien Haut fonctionnaire de police au minist\u00e8re de l'Int\u00e9rieur\"\/>1:00Mobilisation du 10 septembre: \u00ab\u00a0L&rsquo;inqui\u00e9tude, c&rsquo;est la d\u00e9rive avec la violence\u00a0\u00bb, indique Fr\u00e9d\u00e9ric Aur\u00e9al, ancien Haut fonctionnaire de police au minist\u00e8re de l&rsquo;Int\u00e9rieur<\/a><a href=\"https:\/\/www.bfmtv.com\/police-justice\/video-info-bfmtv-meurtre-d-estelle-mouzin-en-2003-l-etat-condamne-pour-faute-lourde_VN-202509030793.html\" title=\"INFO BFMTV - Meurtre d\u2019Estelle Mouzin en 2003: l\u2019\u00c9tat condamn\u00e9 pour &quot;faute lourde&quot;\" rel=\"nofollow noopener\" target=\"_blank\"><img width=\"16\" height=\"9\" class=\"lozad\"  alt=\"INFO BFMTV - Meurtre d\u2019Estelle Mouzin en 2003: l\u2019\u00c9tat condamn\u00e9 pour &quot;faute lourde&quot;\"\/>1:19INFO BFMTV &#8211; Meurtre d\u2019Estelle Mouzin en 2003: l\u2019\u00c9tat condamn\u00e9 pour \u00ab\u00a0faute lourde\u00a0\u00bb<\/a><a href=\"https:\/\/www.bfmtv.com\/replay-emissions\/bfm-story\/video-marschall-truchot-l-etat-condamne-pour-faute-lourde-dans-l-affaire-estelle-mouzin-03-09_VN-202509030790.html\" title=\"Marschall Truchot : L&#039;\u00c9tat condamn\u00e9 pour faute lourde dans l&#039;affaire Estelle Mouzin - 03\/09\" rel=\"nofollow noopener\" target=\"_blank\"><img width=\"16\" height=\"9\" class=\"lozad\"  alt=\"Marschall Truchot : L'\u00c9tat condamn\u00e9 pour faute lourde dans l'affaire Estelle Mouzin - 03\/09\"\/>1:27Marschall Truchot : L&rsquo;\u00c9tat condamn\u00e9 pour faute lourde dans l&rsquo;affaire Estelle Mouzin &#8211; 03\/09<\/a><a href=\"https:\/\/www.bfmtv.com\/police-justice\/video-attaque-au-couteau-a-marseille-un-periple-criminel-qui-dure-une-dizaine-de-minutes-assure-nicolas-bessone-procureur-de-la-republique_VN-202509030734.html\" title=\"Attaque au couteau \u00e0 Marseille: &quot;Un p\u00e9riple criminel qui dure une dizaine de minutes&quot;, assure Nicolas Bessone, procureur de la R\u00e9publique\" rel=\"nofollow noopener\" target=\"_blank\"><img width=\"16\" height=\"9\" class=\"lozad\"  alt=\"Attaque au couteau \u00e0 Marseille: &quot;Un p\u00e9riple criminel qui dure une dizaine de minutes&quot;, assure Nicolas Bessone, procureur de la R\u00e9publique\"\/>0:50Attaque au couteau \u00e0 Marseille: \u00ab\u00a0Un p\u00e9riple criminel qui dure une dizaine de minutes\u00a0\u00bb, assure Nicolas Bessone, procureur de la R\u00e9publique<\/a><a href=\"https:\/\/www.bfmtv.com\/police-justice\/video-attaque-au-couteau-a-marseille-l-individu-n-apparaissait-pas-radicalise-souligne-nicolas-bessone-procureur-de-la-republique_VN-202509030730.html\" title=\"Attaque au couteau \u00e0 Marseille: &quot;L&#039;individu n&#039;apparaissait pas radicalis\u00e9&quot;, souligne Nicolas Bessone, procureur de la R\u00e9publique\" rel=\"nofollow noopener\" target=\"_blank\"><img width=\"16\" height=\"9\" class=\"lozad\"  alt=\"Attaque au couteau \u00e0 Marseille: &quot;L'individu n'apparaissait pas radicalis\u00e9&quot;, souligne Nicolas Bessone, procureur de la R\u00e9publique\"\/>1:23Attaque au couteau \u00e0 Marseille: \u00ab\u00a0L&rsquo;individu n&rsquo;apparaissait pas radicalis\u00e9\u00a0\u00bb, souligne Nicolas Bessone, procureur de la R\u00e9publique<\/a><a href=\"https:\/\/www.bfmtv.com\/police-justice\/video-attaque-au-couteau-a-marseille-en-juin-dernier-a-la-mosquee-de-sete-il-avait-pris-la-parole-en-disant-que-le-pays-etait-gouverne-par-des-juifs-precise-nicolas-bessone-procureur-de-la-republique_VN-202509030708.html\" title=\"Attaque au couteau \u00e0 Marseille: &quot;En juin dernier, \u00e0 la mosqu\u00e9e de S\u00e8te, il avait pris la parole en disant que le pays \u00e9tait gouvern\u00e9 par des juifs&quot;, pr\u00e9cise Nicolas Bessone, procureur de la R\u00e9publique\" rel=\"nofollow noopener\" target=\"_blank\"><img width=\"16\" height=\"9\" class=\"lozad\"  alt=\"Attaque au couteau \u00e0 Marseille: &quot;En juin dernier, \u00e0 la mosqu\u00e9e de S\u00e8te, il avait pris la parole en disant que le pays \u00e9tait gouvern\u00e9 par des juifs&quot;, pr\u00e9cise Nicolas Bessone, procureur de la R\u00e9publique\"\/>2:41Attaque au couteau \u00e0 Marseille: \u00ab\u00a0En juin dernier, \u00e0 la mosqu\u00e9e de S\u00e8te, il avait pris la parole en disant que le pays \u00e9tait gouvern\u00e9 par des juifs\u00a0\u00bb, pr\u00e9cise Nicolas Bessone, procureur de la R\u00e9publique<\/a><a href=\"https:\/\/www.bfmtv.com\/police-justice\/video-attaque-au-couteau-a-marseille-ce-periple-meurtrier-a-entraine-la-presence-de-six-victimes-affirme-nicolas-bessone-procureur-de-la-republique_VN-202509030704.html\" title=\"Attaque au couteau \u00e0 Marseille: &quot;Ce p\u00e9riple meurtrier a entra\u00een\u00e9 la pr\u00e9sence de six victimes&quot;, affirme Nicolas Bessone, procureur de la R\u00e9publique\" rel=\"nofollow noopener\" target=\"_blank\"><img width=\"16\" height=\"9\" class=\"lozad\"  alt=\"Attaque au couteau \u00e0 Marseille: &quot;Ce p\u00e9riple meurtrier a entra\u00een\u00e9 la pr\u00e9sence de six victimes&quot;, affirme Nicolas Bessone, procureur de la R\u00e9publique\"\/>0:31Attaque au couteau \u00e0 Marseille: \u00ab\u00a0Ce p\u00e9riple meurtrier a entra\u00een\u00e9 la pr\u00e9sence de six victimes\u00a0\u00bb, affirme Nicolas Bessone, procureur de la R\u00e9publique<\/a><a href=\"https:\/\/www.bfmtv.com\/police-justice\/video-attaque-au-couteau-a-marseille-l-assaillant-a-crie-allah-akbar-moi-aussi-je-veux-mourir-assure-nicolas-bessone-procureur-de-la-republique-de-marseille_VN-202509030701.html\" title=\"Attaque au couteau \u00e0 Marseille: l&#039;assaillant a cri\u00e9 &quot;Allah Akbar, moi aussi je veux mourir&quot;, assure Nicolas Bessone, procureur de la R\u00e9publique de Marseille\" rel=\"nofollow noopener\" target=\"_blank\"><img width=\"16\" height=\"9\" class=\"lozad\"  alt=\"Attaque au couteau \u00e0 Marseille: l'assaillant a cri\u00e9 &quot;Allah Akbar, moi aussi je veux mourir&quot;, assure Nicolas Bessone, procureur de la R\u00e9publique de Marseille\"\/>2:05Attaque au couteau \u00e0 Marseille: l&rsquo;assaillant a cri\u00e9 \u00ab\u00a0Allah Akbar, moi aussi je veux mourir\u00a0\u00bb, assure Nicolas Bessone, procureur de la R\u00e9publique de Marseille<\/a><a href=\"https:\/\/www.bfmtv.com\/police-justice\/video-attaque-au-couteau-a-marseille-la-personne-gravement-blessee-est-actuellement-hors-de-danger-annonce-nicolas-bessone-procureur-de-la-republique-de-marseille_VN-202509030699.html\" title=\"Attaque au couteau \u00e0 Marseille: la personne gravement bless\u00e9e est &quot;actuellement hors de danger&quot;, annonce Nicolas Bessone, procureur de la R\u00e9publique de Marseille\" rel=\"nofollow noopener\" target=\"_blank\"><img width=\"16\" height=\"9\" class=\"lozad\"  alt=\"Attaque au couteau \u00e0 Marseille: la personne gravement bless\u00e9e est &quot;actuellement hors de danger&quot;, annonce Nicolas Bessone, procureur de la R\u00e9publique de Marseille\"\/>3:05Attaque au couteau \u00e0 Marseille: la personne gravement bless\u00e9e est \u00ab\u00a0actuellement hors de danger\u00a0\u00bb, annonce Nicolas Bessone, procureur de la R\u00e9publique de Marseille<\/a><a href=\"https:\/\/www.bfmtv.com\/police-justice\/video-attaque-au-couteau-a-marseille-c-est-le-receptionniste-de-l-hotel-qui-a-ete-blesse-indique-nicolas-bessone-procureur-de-la-republique-de-marseille_VN-202509030694.html\" title=\"Attaque au couteau \u00e0 Marseille: &quot;C&#039;est le r\u00e9ceptionniste de l&#039;h\u00f4tel qui a \u00e9t\u00e9 bless\u00e9&quot;, indique Nicolas Bessone, procureur de la R\u00e9publique de Marseille\" rel=\"nofollow noopener\" target=\"_blank\"><img width=\"16\" height=\"9\" class=\"lozad\"  alt=\"Attaque au couteau \u00e0 Marseille: &quot;C'est le r\u00e9ceptionniste de l'h\u00f4tel qui a \u00e9t\u00e9 bless\u00e9&quot;, indique Nicolas Bessone, procureur de la R\u00e9publique de Marseille\"\/>0:44Attaque au couteau \u00e0 Marseille: \u00ab\u00a0C&rsquo;est le r\u00e9ceptionniste de l&rsquo;h\u00f4tel qui a \u00e9t\u00e9 bless\u00e9\u00a0\u00bb, indique Nicolas Bessone, procureur de la R\u00e9publique de Marseille<\/a><a href=\"https:\/\/www.bfmtv.com\/police-justice\/video-attaque-au-couteau-a-marseille-l-assaillant-avait-ete-condamne-a-quatre-ans-de-prison-dont-un-an-ferme-au-mois-de-mai_VN-202509030687.html\" title=\"Attaque au couteau \u00e0 Marseille: l&#039;assaillant avait \u00e9t\u00e9 condamn\u00e9 \u00e0 quatre ans de prison, dont un an ferme au mois de mai\" rel=\"nofollow noopener\" target=\"_blank\"><img width=\"16\" height=\"9\" class=\"lozad\"  alt=\"Attaque au couteau \u00e0 Marseille: l'assaillant avait \u00e9t\u00e9 condamn\u00e9 \u00e0 quatre ans de prison, dont un an ferme au mois de mai\"\/>1:34Attaque au couteau \u00e0 Marseille: l&rsquo;assaillant avait \u00e9t\u00e9 condamn\u00e9 \u00e0 quatre ans de prison, dont un an ferme au mois de mai<\/a><a href=\"https:\/\/www.bfmtv.com\/police-justice\/video-pres-de-lyon-des-panneaux-stop-ont-ete-tagues-avec-le-mot-immigration_VN-202509030661.html\" title=\"Pr\u00e8s de Lyon, des panneaux &quot;stop&quot; ont \u00e9t\u00e9 tagu\u00e9s avec le mot &quot;immigration&quot;\" rel=\"nofollow noopener\" target=\"_blank\"><img width=\"16\" height=\"9\" class=\"lozad\"  alt=\"Pr\u00e8s de Lyon, des panneaux &quot;stop&quot; ont \u00e9t\u00e9 tagu\u00e9s avec le mot &quot;immigration&quot;\"\/>1:06Pr\u00e8s de Lyon, des panneaux \u00ab\u00a0stop\u00a0\u00bb ont \u00e9t\u00e9 tagu\u00e9s avec le mot \u00ab\u00a0immigration\u00a0\u00bb<\/a><a class=\"jumpToVideo\" target=\"_blank\"><img class=\"thumbnailPreview\"\/><\/a><\/p>\n","protected":false},"excerpt":{"rendered":"Attaque au couteau \u00e0 Marseille: Pierre Jouvet, secr\u00e9taire g\u00e9n\u00e9ral du PS, s&rsquo;interroge \u00ab\u00a0comment un homme violent et dangereux&hellip;\n","protected":false},"author":2,"featured_media":363786,"comment_status":"","ping_status":"","sticky":false,"template":"","format":"standard","meta":{"footnotes":""},"categories":[2814],"tags":[1111,11,1777,674,1011,27,884,12,882,25],"class_list":{"0":"post-363785","1":"post","2":"type-post","3":"status-publish","4":"format-standard","5":"has-post-thumbnail","7":"category-marseille","8":"tag-actu","9":"tag-actualites","10":"tag-eu","11":"tag-europe","12":"tag-fr","13":"tag-france","14":"tag-marseille","15":"tag-news","16":"tag-provence-alpes-cote-dazur","17":"tag-republique-francaise"},"share_on_mastodon":{"url":"https:\/\/pubeurope.com\/@fr\/115141599917350252","error":""},"_links":{"self":[{"href":"https:\/\/www.europesays.com\/fr\/wp-json\/wp\/v2\/posts\/363785","targetHints":{"allow":["GET"]}}],"collection":[{"href":"https:\/\/www.europesays.com\/fr\/wp-json\/wp\/v2\/posts"}],"about":[{"href":"https:\/\/www.europesays.com\/fr\/wp-json\/wp\/v2\/types\/post"}],"author":[{"embeddable":true,"href":"https:\/\/www.europesays.com\/fr\/wp-json\/wp\/v2\/users\/2"}],"replies":[{"embeddable":true,"href":"https:\/\/www.europesays.com\/fr\/wp-json\/wp\/v2\/comments?post=363785"}],"version-history":[{"count":0,"href":"https:\/\/www.europesays.com\/fr\/wp-json\/wp\/v2\/posts\/363785\/revisions"}],"wp:featuredmedia":[{"embeddable":true,"href":"https:\/\/www.europesays.com\/fr\/wp-json\/wp\/v2\/media\/363786"}],"wp:attachment":[{"href":"https:\/\/www.europesays.com\/fr\/wp-json\/wp\/v2\/media?parent=363785"}],"wp:term":[{"taxonomy":"category","embeddable":true,"href":"https:\/\/www.europesays.com\/fr\/wp-json\/wp\/v2\/categories?post=363785"},{"taxonomy":"post_tag","embeddable":true,"href":"https:\/\/www.europesays.com\/fr\/wp-json\/wp\/v2\/tags?post=363785"}],"curies":[{"name":"wp","href":"https:\/\/api.w.org\/{rel}","templated":true}]}}