{"id":363787,"date":"2025-09-03T17:42:13","date_gmt":"2025-09-03T17:42:13","guid":{"rendered":"https:\/\/www.europesays.com\/fr\/363787\/"},"modified":"2025-09-03T17:42:13","modified_gmt":"2025-09-03T17:42:13","slug":"lyon-vient-detre-elue-parmi-les-pires-villes-de-france-pour-demarrer-sa-carriere","status":"publish","type":"post","link":"https:\/\/www.europesays.com\/fr\/363787\/","title":{"rendered":"Lyon vient d&rsquo;\u00eatre \u00e9lue parmi les pires villes de France pour d\u00e9marrer sa carri\u00e8re"},"content":{"rendered":"<p><strong>Un r\u00e9sultat qui fait mal pour Lyon<\/strong>&#13;<\/p>\n<p data-start=\"447\" data-end=\"881\">Si Lyon brille par son attractivit\u00e9 \u00e9conomique et touristique, elle s\u2019av\u00e8re aussi peu accueillante pour ceux qui d\u00e9butent leur parcours professionnel. C&rsquo;est du moins le constat que fait l&rsquo;entreprise Adobe avec son <a href=\"https:\/\/www.adobe.com\/fr\/acrobat\/resources\/best-cities-for-graduates.html\" rel=\"nofollow noreferrer noopener\" target=\"_blank\"><strong>classement d\u00e9di\u00e9 aux meilleures villes de France pour bien d\u00e9marrer sa vie professionnelle<\/strong><\/a>. A ce jeu-l\u00e0, Lyon fait grise mine. Les<strong> loyers y sont parmi les plus chers du pays <\/strong>pour un studio, l\u2019offre d\u2019emplois pour d\u00e9butants demeure limit\u00e9e, les espaces de coworking manquent et le nombre d\u2019\u00e9v\u00e9nements de networking est jug\u00e9 trop faible. R\u00e9sultat\u00a0: un score de qualit\u00e9 de vie pour dipl\u00f4m\u00e9s parmi les plus bas de France.<\/p>\n<p>&#13;<\/p>\n<p data-start=\"447\" data-end=\"881\">Lyon partage le bas du classement avec <strong data-start=\"1508\" data-end=\"1517\">Tours<\/strong>, p\u00e9nalis\u00e9e par de faibles salaires et peu d\u2019opportunit\u00e9s, mais aussi <strong data-start=\"1587\" data-end=\"1595\">Bordeaux, bonnet d&rsquo;\u00e2ne de cette \u00e9tude. <\/strong>Viennent ensuite\u00a0Strasbourg et Aix-en-Provence, villes o\u00f9 le co\u00fbt de la vie \u00e9lev\u00e9 et la raret\u00e9 des infrastructures compliquent les d\u00e9buts de carri\u00e8re.<\/p>\n<p>&#13;<br \/>\nLes meilleures villes pour d\u00e9marrer&#13;<\/p>\n<p data-start=\"924\" data-end=\"1430\">\u00c0 l\u2019inverse, des villes souvent sous-estim\u00e9es tirent leur \u00e9pingle du jeu. <strong data-start=\"998\" data-end=\"1009\">Limoges d\u00e9croche la palme d&rsquo;or<\/strong> et s\u2019impose en t\u00eate gr\u00e2ce \u00e0 ses loyers abordables (14,70 \u20ac\/m\u00b2), une bonne qualit\u00e9 de vie et un dynamisme marqu\u00e9 des \u00e9v\u00e9nements de networking. Marseille se distingue par <strong>le plus grand nombre d\u2019emplois pour d\u00e9butants <\/strong>par habitant et un salaire moyen attractif (2 520\u20ac). Viennent ensuite <strong data-start=\"1305\" data-end=\"1314\">Reims<\/strong>, <strong data-start=\"1316\" data-end=\"1328\">Le Havre<\/strong> et <strong data-start=\"1332\" data-end=\"1341\">N\u00eemes<\/strong>, qui combinent accessibilit\u00e9 financi\u00e8re et infrastructures adapt\u00e9es aux jeunes actifs.<\/p>\n<p>&#13;<\/p>\n<p data-start=\"924\" data-end=\"1430\"><img loading=\"lazy\" decoding=\"async\" src=\"https:\/\/www.europesays.com\/fr\/wp-content\/uploads\/2025\/09\/meilleures-villes-france-demarrer-carriere.png\" width=\"1000\" height=\"656\" alt=\"meilleures-villes-france-demarrer-carriere\"\/><\/p>\n<p>&#13;<br \/>\nUne m\u00e9thodologie bas\u00e9e sur les donn\u00e9es&#13;<\/p>\n<p data-start=\"1799\" data-end=\"2192\">L\u2019\u00e9tude a pass\u00e9 au crible <strong data-start=\"1825\" data-end=\"1857\">40 grandes villes fran\u00e7aises<\/strong>, en tenant compte de 7 crit\u00e8res tels que l\u2019offre d\u2019emplois pour d\u00e9butants, le salaire moyen des dipl\u00f4m\u00e9s, le prix des loyers, la qualit\u00e9 de vie, l\u2019\u00e2ge moyen des habitants, le nombre d\u2019\u00e9v\u00e9nements de networking et la disponibilit\u00e9 d\u2019espaces de coworking.<\/p>\n","protected":false},"excerpt":{"rendered":"Un r\u00e9sultat qui fait mal pour Lyon&#13; Si Lyon brille par son attractivit\u00e9 \u00e9conomique et touristique, elle s\u2019av\u00e8re&hellip;\n","protected":false},"author":2,"featured_media":363788,"comment_status":"","ping_status":"","sticky":false,"template":"","format":"standard","meta":{"footnotes":""},"categories":[1889],"tags":[1111,11,2430,1777,674,1011,27,2428,12,25],"class_list":{"0":"post-363787","1":"post","2":"type-post","3":"status-publish","4":"format-standard","5":"has-post-thumbnail","7":"category-lyon","8":"tag-actu","9":"tag-actualites","10":"tag-auvergne-rhone-alpes","11":"tag-eu","12":"tag-europe","13":"tag-fr","14":"tag-france","15":"tag-lyon","16":"tag-news","17":"tag-republique-francaise"},"share_on_mastodon":{"url":"https:\/\/pubeurope.com\/@fr\/115141604228895539","error":""},"_links":{"self":[{"href":"https:\/\/www.europesays.com\/fr\/wp-json\/wp\/v2\/posts\/363787","targetHints":{"allow":["GET"]}}],"collection":[{"href":"https:\/\/www.europesays.com\/fr\/wp-json\/wp\/v2\/posts"}],"about":[{"href":"https:\/\/www.europesays.com\/fr\/wp-json\/wp\/v2\/types\/post"}],"author":[{"embeddable":true,"href":"https:\/\/www.europesays.com\/fr\/wp-json\/wp\/v2\/users\/2"}],"replies":[{"embeddable":true,"href":"https:\/\/www.europesays.com\/fr\/wp-json\/wp\/v2\/comments?post=363787"}],"version-history":[{"count":0,"href":"https:\/\/www.europesays.com\/fr\/wp-json\/wp\/v2\/posts\/363787\/revisions"}],"wp:featuredmedia":[{"embeddable":true,"href":"https:\/\/www.europesays.com\/fr\/wp-json\/wp\/v2\/media\/363788"}],"wp:attachment":[{"href":"https:\/\/www.europesays.com\/fr\/wp-json\/wp\/v2\/media?parent=363787"}],"wp:term":[{"taxonomy":"category","embeddable":true,"href":"https:\/\/www.europesays.com\/fr\/wp-json\/wp\/v2\/categories?post=363787"},{"taxonomy":"post_tag","embeddable":true,"href":"https:\/\/www.europesays.com\/fr\/wp-json\/wp\/v2\/tags?post=363787"}],"curies":[{"name":"wp","href":"https:\/\/api.w.org\/{rel}","templated":true}]}}