{"id":363789,"date":"2025-09-03T17:43:16","date_gmt":"2025-09-03T17:43:16","guid":{"rendered":"https:\/\/www.europesays.com\/fr\/363789\/"},"modified":"2025-09-03T17:43:16","modified_gmt":"2025-09-03T17:43:16","slug":"metropole-de-lyon-la-passe-de-trois-pour-jean-louis-aubert-a-la-ldlc-arena-le-16-novembre","status":"publish","type":"post","link":"https:\/\/www.europesays.com\/fr\/363789\/","title":{"rendered":"M\u00e9tropole de Lyon. La passe de trois pour Jean-Louis Aubert, \u00e0 la LDLC Arena le 16\u00a0novembre"},"content":{"rendered":"<p>Jamais deux sans trois. Jean-Louis Aubert s\u2019approprie cet adage en 2025 puisqu\u2019apr\u00e8s ses concerts de <a href=\"https:\/\/www.leprogres.fr\/culture-loisirs\/2025\/02\/15\/jean-louis-aubert-a-enflamme-la-ldlc-arena\" target=\"_blank\" rel=\"nofollow noopener\">f\u00e9vrier \u00e0 la LDLC Arena<\/a> et aux Nuits de Fourvi\u00e8re en\u00a0juin, le musicien sera de retour \u00e0 Lyon cet automne. Il retrouvera la sc\u00e8ne de la LDLC le 16\u00a0novembre dans le sillage d\u2019une tourn\u00e9e baptis\u00e9e Pafinitour , clin d\u2019\u0153il \u00e0 son dixi\u00e8me album sorti l\u2019an dernier. Les places sont en vente, entre 39 et 74\u00a0euros.<\/p>\n<p class=\"note\">Le 16\u00a0novembre \u00e0 la LDLC Arena. <a href=\"https:\/\/www.olvallee.fr\" target=\"_blank\" rel=\"nofollow noopener\">www.olvallee.fr<\/a><\/p>\n","protected":false},"excerpt":{"rendered":"Jamais deux sans trois. Jean-Louis Aubert s\u2019approprie cet adage en 2025 puisqu\u2019apr\u00e8s ses concerts de f\u00e9vrier \u00e0 la&hellip;\n","protected":false},"author":2,"featured_media":363790,"comment_status":"","ping_status":"","sticky":false,"template":"","format":"standard","meta":{"footnotes":""},"categories":[1889],"tags":[1111,11,2430,1687,1777,674,1011,27,2428,873,12,25],"class_list":{"0":"post-363789","1":"post","2":"type-post","3":"status-publish","4":"format-standard","5":"has-post-thumbnail","7":"category-lyon","8":"tag-actu","9":"tag-actualites","10":"tag-auvergne-rhone-alpes","11":"tag-culture-loisirs","12":"tag-eu","13":"tag-europe","14":"tag-fr","15":"tag-france","16":"tag-lyon","17":"tag-musique","18":"tag-news","19":"tag-republique-francaise"},"share_on_mastodon":{"url":"https:\/\/pubeurope.com\/@fr\/115141607618399125","error":""},"_links":{"self":[{"href":"https:\/\/www.europesays.com\/fr\/wp-json\/wp\/v2\/posts\/363789","targetHints":{"allow":["GET"]}}],"collection":[{"href":"https:\/\/www.europesays.com\/fr\/wp-json\/wp\/v2\/posts"}],"about":[{"href":"https:\/\/www.europesays.com\/fr\/wp-json\/wp\/v2\/types\/post"}],"author":[{"embeddable":true,"href":"https:\/\/www.europesays.com\/fr\/wp-json\/wp\/v2\/users\/2"}],"replies":[{"embeddable":true,"href":"https:\/\/www.europesays.com\/fr\/wp-json\/wp\/v2\/comments?post=363789"}],"version-history":[{"count":0,"href":"https:\/\/www.europesays.com\/fr\/wp-json\/wp\/v2\/posts\/363789\/revisions"}],"wp:featuredmedia":[{"embeddable":true,"href":"https:\/\/www.europesays.com\/fr\/wp-json\/wp\/v2\/media\/363790"}],"wp:attachment":[{"href":"https:\/\/www.europesays.com\/fr\/wp-json\/wp\/v2\/media?parent=363789"}],"wp:term":[{"taxonomy":"category","embeddable":true,"href":"https:\/\/www.europesays.com\/fr\/wp-json\/wp\/v2\/categories?post=363789"},{"taxonomy":"post_tag","embeddable":true,"href":"https:\/\/www.europesays.com\/fr\/wp-json\/wp\/v2\/tags?post=363789"}],"curies":[{"name":"wp","href":"https:\/\/api.w.org\/{rel}","templated":true}]}}