{"id":363797,"date":"2025-09-03T17:48:13","date_gmt":"2025-09-03T17:48:13","guid":{"rendered":"https:\/\/www.europesays.com\/fr\/363797\/"},"modified":"2025-09-03T17:48:13","modified_gmt":"2025-09-03T17:48:13","slug":"on-est-bloque-le-cauchemar-detudiants-de-la-sorbonne-sans-solution-apres-la-fermeture-dun-master-en-plein-ete","status":"publish","type":"post","link":"https:\/\/www.europesays.com\/fr\/363797\/","title":{"rendered":"\u00ab\u00a0On est bloqu\u00e9 \u00bb\u00a0: le cauchemar d\u2019\u00e9tudiants de la Sorbonne sans solution apr\u00e8s la fermeture d\u2019un master en plein \u00e9t\u00e9"},"content":{"rendered":"<p class=\"paragraph text_align_left lp-f-body-02\">Sohane se projetait d\u00e9j\u00e0. Faire sa rentr\u00e9e, le 15 septembre, en Master 1 \u00ab Droit du Tourisme et des Transports \u00bb \u00e0 l\u2019Universit\u00e9 <a href=\"https:\/\/www.leparisien.fr\/paris-75\/\" target=\"_self\" rel=\"nofollow noopener\">Paris<\/a> 1 Panth\u00e9on Sorbonne. Pensant \u00eatre admise durant l\u2019\u00e9t\u00e9, la jeune femme de 22 ans a finalement d\u00e9chant\u00e9 le 27 ao\u00fbt, \u00e0 la r\u00e9ception d\u2019un mail qu\u2019aucun <a href=\"https:\/\/www.leparisien.fr\/etudiant\/\" target=\"_self\" rel=\"nofollow noopener\">\u00e9tudiant<\/a> n\u2019aimerait lire.<\/p>\n<p class=\"paragraph text_align_left lp-f-body-02\">\u00ab On m\u2019a annonc\u00e9 que mon admission \u00e9tait \u00e0 consid\u00e9rer comme nulle. Je suis tomb\u00e9e de tr\u00e8s haut. Pour passer le barreau, c\u2019\u00e9tait une super formation\u2026 Et l\u00e0, tout s\u2019est \u00e9croul\u00e9 \u00bb, t\u00e9moigne celle qui a post\u00e9 un message sur LinkedIn pour faire entendre sa situation et celle de ses camarades, relay\u00e9e depuis par plusieurs syndicats \u00e9tudiants.<\/p>\n","protected":false},"excerpt":{"rendered":"Sohane se projetait d\u00e9j\u00e0. Faire sa rentr\u00e9e, le 15 septembre, en Master 1 \u00ab Droit du Tourisme et&hellip;\n","protected":false},"author":2,"featured_media":363798,"comment_status":"","ping_status":"","sticky":false,"template":"","format":"standard","meta":{"footnotes":""},"categories":[1888],"tags":[11,1777,674,1011,27,2684,1944,12,626,25],"class_list":{"0":"post-363797","1":"post","2":"type-post","3":"status-publish","4":"format-standard","5":"has-post-thumbnail","7":"category-paris","8":"tag-actualites","9":"tag-eu","10":"tag-europe","11":"tag-fr","12":"tag-france","13":"tag-le-parisien-etudiant","14":"tag-ma-ville","15":"tag-news","16":"tag-paris","17":"tag-republique-francaise"},"share_on_mastodon":{"url":"https:\/\/pubeurope.com\/@fr\/115141627314126412","error":""},"_links":{"self":[{"href":"https:\/\/www.europesays.com\/fr\/wp-json\/wp\/v2\/posts\/363797","targetHints":{"allow":["GET"]}}],"collection":[{"href":"https:\/\/www.europesays.com\/fr\/wp-json\/wp\/v2\/posts"}],"about":[{"href":"https:\/\/www.europesays.com\/fr\/wp-json\/wp\/v2\/types\/post"}],"author":[{"embeddable":true,"href":"https:\/\/www.europesays.com\/fr\/wp-json\/wp\/v2\/users\/2"}],"replies":[{"embeddable":true,"href":"https:\/\/www.europesays.com\/fr\/wp-json\/wp\/v2\/comments?post=363797"}],"version-history":[{"count":0,"href":"https:\/\/www.europesays.com\/fr\/wp-json\/wp\/v2\/posts\/363797\/revisions"}],"wp:featuredmedia":[{"embeddable":true,"href":"https:\/\/www.europesays.com\/fr\/wp-json\/wp\/v2\/media\/363798"}],"wp:attachment":[{"href":"https:\/\/www.europesays.com\/fr\/wp-json\/wp\/v2\/media?parent=363797"}],"wp:term":[{"taxonomy":"category","embeddable":true,"href":"https:\/\/www.europesays.com\/fr\/wp-json\/wp\/v2\/categories?post=363797"},{"taxonomy":"post_tag","embeddable":true,"href":"https:\/\/www.europesays.com\/fr\/wp-json\/wp\/v2\/tags?post=363797"}],"curies":[{"name":"wp","href":"https:\/\/api.w.org\/{rel}","templated":true}]}}