{"id":363803,"date":"2025-09-03T17:51:10","date_gmt":"2025-09-03T17:51:10","guid":{"rendered":"https:\/\/www.europesays.com\/fr\/363803\/"},"modified":"2025-09-03T17:51:10","modified_gmt":"2025-09-03T17:51:10","slug":"exclusif-guerre-poutine-europe-notre-grand-entretien-avec-volodymyr-zelensky-a-kiev","status":"publish","type":"post","link":"https:\/\/www.europesays.com\/fr\/363803\/","title":{"rendered":"EXCLUSIF. Guerre, Poutine, Europe&#8230; Notre grand entretien avec Volodymyr Zelensky \u00e0 Kiev"},"content":{"rendered":"<p>Autrefois, avant la guerre \u2013 \u00ab\u00a0il y a une \u00e9ternit\u00e9\u00a0\u00bb, soupire une habitante \u2013, ce coin de Kiev prenait r\u00e9guli\u00e8rement des allures de f\u00eate. Aux beaux jours, on grimpait la colline depuis Ma\u00efdan pour admirer la Maison aux chim\u00e8res et ses cr\u00e9atures de pierre ou saluer la statue de Stravinsky, qui v\u00e9cut non loin de l\u00e0. L&rsquo;hiver, patinoire et march\u00e9 de No\u00ebl donnaient au quartier un c\u00f4t\u00e9 Manhattan. Puis vint f\u00e9vrier\u00a02022\u00a0: Poutine lan\u00e7a ses chars sur la capitale de l&rsquo;<a class=\"Link\" href=\"https:\/\/www.lepoint.fr\/tags\/ukraine\" data-gtm=\"click:capsule\" data-capsule=\"Lien\" rel=\"nofollow noopener\" target=\"_blank\">Ukraine<\/a>. Aussit\u00f4t, la rue Bankova s&rsquo;est retrouv\u00e9e couverte de barricades, de herses et de check-points. C&rsquo;est ici, sur un bout de trottoir, que <a class=\"Link\" href=\"https:\/\/www.lepoint.fr\/tags\/volodymyr-zelensky\" data-gtm=\"click:capsule\" data-capsule=\"Lien\" rel=\"nofollow noopener\" target=\"_blank\">Volodymyr Zelensky<\/a> enregistra la vid\u00e9o qui a marqu\u00e9 l&rsquo;Histoire et symbolise encore aujourd&rsquo;hui la r\u00e9sistance ukrainienne.<\/p>\n<p>Toute l\u2019actualit\u00e9 \u00e0 1\u20ac le premier mois<\/p>\n<p><a href=\"https:\/\/abo.lepoint.fr\/?provenance=21EDI020098\" class=\"btn\" title=\"S&#039;abonner\" data-gtm=\"click:abo|display:abo\" data-campaign=\"paywall_maison\" rel=\"nofollow noopener\" target=\"_blank\">S&rsquo;abonner<\/a><\/p>\n<p>ou<\/p>\n","protected":false},"excerpt":{"rendered":"Autrefois, avant la guerre \u2013 \u00ab\u00a0il y a une \u00e9ternit\u00e9\u00a0\u00bb, soupire une habitante \u2013, ce coin de Kiev&hellip;\n","protected":false},"author":2,"featured_media":363804,"comment_status":"","ping_status":"","sticky":false,"template":"","format":"standard","meta":{"footnotes":""},"categories":[1590],"tags":[11,1777,674,12,220,134],"class_list":{"0":"post-363803","1":"post","2":"type-post","3":"status-publish","4":"format-standard","5":"has-post-thumbnail","7":"category-ukraine","8":"tag-actualites","9":"tag-eu","10":"tag-europe","11":"tag-news","12":"tag-ukraine","13":"tag-volodymyr-zelensky"},"share_on_mastodon":{"url":"https:\/\/pubeurope.com\/@fr\/115141639186478876","error":""},"_links":{"self":[{"href":"https:\/\/www.europesays.com\/fr\/wp-json\/wp\/v2\/posts\/363803","targetHints":{"allow":["GET"]}}],"collection":[{"href":"https:\/\/www.europesays.com\/fr\/wp-json\/wp\/v2\/posts"}],"about":[{"href":"https:\/\/www.europesays.com\/fr\/wp-json\/wp\/v2\/types\/post"}],"author":[{"embeddable":true,"href":"https:\/\/www.europesays.com\/fr\/wp-json\/wp\/v2\/users\/2"}],"replies":[{"embeddable":true,"href":"https:\/\/www.europesays.com\/fr\/wp-json\/wp\/v2\/comments?post=363803"}],"version-history":[{"count":0,"href":"https:\/\/www.europesays.com\/fr\/wp-json\/wp\/v2\/posts\/363803\/revisions"}],"wp:featuredmedia":[{"embeddable":true,"href":"https:\/\/www.europesays.com\/fr\/wp-json\/wp\/v2\/media\/363804"}],"wp:attachment":[{"href":"https:\/\/www.europesays.com\/fr\/wp-json\/wp\/v2\/media?parent=363803"}],"wp:term":[{"taxonomy":"category","embeddable":true,"href":"https:\/\/www.europesays.com\/fr\/wp-json\/wp\/v2\/categories?post=363803"},{"taxonomy":"post_tag","embeddable":true,"href":"https:\/\/www.europesays.com\/fr\/wp-json\/wp\/v2\/tags?post=363803"}],"curies":[{"name":"wp","href":"https:\/\/api.w.org\/{rel}","templated":true}]}}