{"id":363805,"date":"2025-09-03T17:52:11","date_gmt":"2025-09-03T17:52:11","guid":{"rendered":"https:\/\/www.europesays.com\/fr\/363805\/"},"modified":"2025-09-03T17:52:11","modified_gmt":"2025-09-03T17:52:11","slug":"donald-trump-pret-a-deployer-plus-de-militaires-americains-en-pologne-lexpress","status":"publish","type":"post","link":"https:\/\/www.europesays.com\/fr\/363805\/","title":{"rendered":"Donald Trump pr\u00eat \u00e0 d\u00e9ployer plus de militaires am\u00e9ricains en Pologne \u2013 L&rsquo;Express"},"content":{"rendered":"<p class=\"paragraph article-body-paragraph article__item   article-body-paragraph--first \">Donald Trump s\u2019est dit, ce mercredi 3 septembre, pr\u00eat \u00e0 augmenter le nombre de <a href=\"https:\/\/www.lexpress.fr\/monde\/europe\/l-ukraine-hesite-entre-est-et-ouest_1302698.html\" target=\"_self\" rel=\"nofollow noopener\" title=\"https:\/\/www.lexpress.fr\/monde\/europe\/l-ukraine-hesite-entre-est-et-ouest_1302698.html\">militaires am\u00e9ricains<\/a> d\u00e9ploy\u00e9s en Pologne, \u00e0 l\u2019occasion de la visite \u00e0 la Maison-Blanche du nouveau pr\u00e9sident nationaliste <a href=\"https:\/\/www.lexpress.fr\/monde\/europe\/defense-nucleaire-en-pologne-pourquoi-larrivee-dun-president-pro-trump-a-de-quoi-inquieter-lelysee-7FH6TL7VHFG2VOVJDFZKOCPNVU\/\" target=\"_self\" rel=\"nofollow noopener\" title=\"https:\/\/www.lexpress.fr\/monde\/europe\/defense-nucleaire-en-pologne-pourquoi-larrivee-dun-president-pro-trump-a-de-quoi-inquieter-lelysee-7FH6TL7VHFG2VOVJDFZKOCPNVU\/\">Karol Nawrocki<\/a>. \u00ab\u00a0Nous n\u2019avons m\u00eame jamais pens\u00e9 retirer des militaires de Pologne (&#8230;) Nous aiderons la Pologne \u00e0 se prot\u00e9ger\u00a0\u00bb, a encore dit le pr\u00e9sident am\u00e9ricain, assis aux c\u00f4t\u00e9s de son invit\u00e9 dans le bureau Ovale.<\/p>\n<p class=\"paragraph article-body-paragraph article__item   \">\u00ab\u00a0Aujourd\u2019hui, nous avons 10\u00a0000\u00a0soldats (am\u00e9ricains) et cela signale au monde et aussi \u00e0 la Russie que nous sommes ensemble\u00a0\u00bb, a dit Karol Nawrocki. \u00ab\u00a0Il a soulign\u00e9 que la Pologne n\u2019\u00e9tait pas un \u00ab\u00a0passager clandestin\u00a0\u00bb dans l\u2019Otan, en mettant en avant le niveau de d\u00e9penses militaires du pays, dont il a promis qu\u2019elles atteindraient 5\u00a0% du Produit int\u00e9rieur brut. Il s\u2019agit du seuil fix\u00e9 par le pr\u00e9sident am\u00e9ricain pour le budget de d\u00e9fense des membres de l alliance de d\u00e9fense transatlantique.<\/p>\n<p class=\"paragraph article-body-paragraph article__item   \">Varsovie souhaite depuis plusieurs mois que les Etats-Unis maintiennent une pr\u00e9sence militaire forte en Pologne, qui a par ailleurs \u00e9t\u00e9 un solide soutien de l\u2019Ukraine depuis l\u2019invasion par la Russie, en f\u00e9vrier\u00a02022.<\/p>\n<p><strong class=\"article-body-link-list__item text-gray-800 article-body-link-list__item--one-item\">LIRE AUSSI : <a class=\"article-body-link-list__item-link\" href=\"https:\/\/www.lexpress.fr\/idees-et-debats\/mikhail-komin-si-un-conflit-russie-otan-devait-eclater-ce-serait-probablement-dans-larctique-NKSLUGXMVRDDVLH33N63TQNBQ4\/\" target=\"_blank\" rel=\"noreferrer nofollow noopener\">Mikhail Komin : \u00ab\u00a0Si un conflit Russie-Otan devait \u00e9clater, ce serait probablement dans l\u2019Arctique\u00a0\u00bb<\/a><\/strong><\/p>\n<p class=\"paragraph article-body-paragraph article__item   \">Lors de cette m\u00eame rencontre, le pr\u00e9sident am\u00e9ricain a dit qu\u2019il \u00ab\u00a0se passerait quelque chose\u00a0\u00bb si le pr\u00e9sident russe Vladimir Poutine ne r\u00e9pondait pas \u00e0 ses attentes sur <a href=\"https:\/\/www.lexpress.fr\/monde\/europe\/l-ukraine-hesite-entre-est-et-ouest_1302698.html\" target=\"_self\" rel=\"nofollow noopener\" title=\"https:\/\/www.lexpress.fr\/monde\/europe\/l-ukraine-hesite-entre-est-et-ouest_1302698.html\">l\u2019Ukraine<\/a>. \u00ab\u00a0Il sait quelle est ma position. (\u2026) Selon la d\u00e9cision qu\u2019il prendra, je serai soit content soit m\u00e9content et si nous ne sommes pas contents, il se passera quelque chose\u00a0\u00bb, a encore d\u00e9clar\u00e9 Donald Trump, dont les efforts de m\u00e9diation entre l\u2019Ukraine et la Russie sont jusqu\u2019ici sans effet.<\/p>\n<p>Un \u00e9change \u00e0 venir avec Volodymyr Zelensky <\/p>\n<p class=\"paragraph article-body-paragraph article__item   \">Donald Trump s&rsquo;entretiendra ce jeudi avec Volodymyr Zelensky, a indiqu\u00e9 mercredi une haute responsable am\u00e9ricaine. Le pr\u00e9sident ukrainien doit de son c\u00f4t\u00e9 retrouver jeudi \u00e0 Paris ses principaux alli\u00e9s, \u00e0 savoir la pr\u00e9sidente de la Commission europ\u00e9enne Ursula von der Leyen, le secr\u00e9taire g\u00e9n\u00e9ral de l&rsquo;Otan Mark Rutte et les dirigeants allemand, fran\u00e7ais et britannique.<\/p>\n<p class=\"paragraph article-body-paragraph article__item   \">Cette r\u00e9union sera notamment consacr\u00e9e aux garanties de s\u00e9curit\u00e9 que les Occidentaux pr\u00e9voient d&rsquo;offrir \u00e0 l&rsquo;Ukraine apr\u00e8s la conclusion d&rsquo;une paix. Kiev esp\u00e8re obtenir le d\u00e9ploiement d&rsquo;un contingent militaire europ\u00e9en pour dissuader Moscou de toute nouvelle attaque ou des garanties de type Otan, si son adh\u00e9sion \u00e0 l&rsquo;Alliance est \u00e9cart\u00e9e.<\/p>\n<p><strong class=\"article-body-link-list__item text-gray-800 article-body-link-list__item--one-item\">LIRE AUSSI : <a class=\"article-body-link-list__item-link\" href=\"https:\/\/www.lexpress.fr\/monde\/a-ce-stade-on-ne-peut-pas-faire-face-larsenal-militaire-russe-cette-inquietante-menace-pour-leurope-TW25U6H77ZGGNM26VDEBGBJJ5I\/\" target=\"_blank\" rel=\"noreferrer nofollow noopener\">\u00ab\u00a0A ce stade, on ne peut pas faire face\u00a0\u00bb : comment l&rsquo;industrie de d\u00e9fense russe menace l\u2019Europe<\/a><\/strong><\/p>\n<p class=\"paragraph article-body-paragraph article__item   \">Dans ce contexte, <a href=\"https:\/\/www.lexpress.fr\/monde\/amerique\/comment-negocier-avec-vladimir-poutine-les-limites-de-lart-du-deal-DXLKLJDKDFHP5FI3RKC7YGSUVA\/\" target=\"_self\" rel=\"nofollow noopener\" title=\"https:\/\/www.lexpress.fr\/monde\/amerique\/comment-negocier-avec-vladimir-poutine-les-limites-de-lart-du-deal-DXLKLJDKDFHP5FI3RKC7YGSUVA\/\">Vladimir Poutine<\/a>, qui s&rsquo;est rendu cette semaine en Chine pour un sommet r\u00e9gional et un d\u00e9fil\u00e9 militaire, a estim\u00e9 que Moscou \u00ab\u00a0devra r\u00e9soudre ses probl\u00e8mes militairement\u00a0\u00bb en Ukraine si les pourparlers avec Kiev n&rsquo;aboutissent pas.<\/p>\n<p class=\"paragraph article-body-paragraph article__item    article__text__endpicto\">\u00ab\u00a0Voyons comment se d\u00e9veloppera la situation\u00a0\u00bb, a ajout\u00e9 mercredi le dirigeant russe, tout en se f\u00e9licitant que ses troupes soient \u00ab\u00a0\u00e0 l&rsquo;offensive\u00a0\u00bb sur tous les secteurs du front, alors que l&rsquo;arm\u00e9e ukrainienne n&rsquo;a, selon lui, pas les moyens de mener \u00ab\u00a0de grandes op\u00e9rations offensives\u00a0\u00bb. Vladimir Poutine a une nouvelle fois mis en cause la l\u00e9gitimit\u00e9 de son homologue ukrainien, tout en assurant \u00eatre pr\u00eat \u00e0 le rencontrer \u00e0 condition que ce soit dans la capitale russe. \u00ab\u00a0Si Zelensky est pr\u00eat, qu&rsquo;il vienne \u00e0 Moscou\u00a0\u00bb, a-t-il lanc\u00e9.<\/p>\n","protected":false},"excerpt":{"rendered":"Donald Trump s\u2019est dit, ce mercredi 3 septembre, pr\u00eat \u00e0 augmenter le nombre de militaires am\u00e9ricains d\u00e9ploy\u00e9s en&hellip;\n","protected":false},"author":2,"featured_media":363806,"comment_status":"","ping_status":"","sticky":false,"template":"","format":"standard","meta":{"footnotes":""},"categories":[1589],"tags":[11,73,1866,674,74,12,1864,1865,1863,308],"class_list":{"0":"post-363805","1":"post","2":"type-post","3":"status-publish","4":"format-standard","5":"has-post-thumbnail","7":"category-etats-unis","8":"tag-actualites","9":"tag-etats-unis","10":"tag-etats-unis-damerique","11":"tag-europe","12":"tag-monde","13":"tag-news","14":"tag-united-states","15":"tag-united-states-of-america","16":"tag-us","17":"tag-usa"},"share_on_mastodon":{"url":"https:\/\/pubeurope.com\/@fr\/115141643082810210","error":""},"_links":{"self":[{"href":"https:\/\/www.europesays.com\/fr\/wp-json\/wp\/v2\/posts\/363805","targetHints":{"allow":["GET"]}}],"collection":[{"href":"https:\/\/www.europesays.com\/fr\/wp-json\/wp\/v2\/posts"}],"about":[{"href":"https:\/\/www.europesays.com\/fr\/wp-json\/wp\/v2\/types\/post"}],"author":[{"embeddable":true,"href":"https:\/\/www.europesays.com\/fr\/wp-json\/wp\/v2\/users\/2"}],"replies":[{"embeddable":true,"href":"https:\/\/www.europesays.com\/fr\/wp-json\/wp\/v2\/comments?post=363805"}],"version-history":[{"count":0,"href":"https:\/\/www.europesays.com\/fr\/wp-json\/wp\/v2\/posts\/363805\/revisions"}],"wp:featuredmedia":[{"embeddable":true,"href":"https:\/\/www.europesays.com\/fr\/wp-json\/wp\/v2\/media\/363806"}],"wp:attachment":[{"href":"https:\/\/www.europesays.com\/fr\/wp-json\/wp\/v2\/media?parent=363805"}],"wp:term":[{"taxonomy":"category","embeddable":true,"href":"https:\/\/www.europesays.com\/fr\/wp-json\/wp\/v2\/categories?post=363805"},{"taxonomy":"post_tag","embeddable":true,"href":"https:\/\/www.europesays.com\/fr\/wp-json\/wp\/v2\/tags?post=363805"}],"curies":[{"name":"wp","href":"https:\/\/api.w.org\/{rel}","templated":true}]}}