{"id":363807,"date":"2025-09-03T17:53:11","date_gmt":"2025-09-03T17:53:11","guid":{"rendered":"https:\/\/www.europesays.com\/fr\/363807\/"},"modified":"2025-09-03T17:53:11","modified_gmt":"2025-09-03T17:53:11","slug":"les-ambitions-de-zack-polanski-l-eco-populiste-elu-a-la-tete-des-verts-britanniques","status":"publish","type":"post","link":"https:\/\/www.europesays.com\/fr\/363807\/","title":{"rendered":"Les ambitions de Zack Polanski, l\u2019\u00ab\u00a0\u00e9co-populiste\u00a0\u00bb \u00e9lu \u00e0 la t\u00eate des Verts britanniques"},"content":{"rendered":"<p>Menac\u00e9 \u00e0 l\u2019extr\u00eame droite par le chef de Reform UK, Nigel Farage, voil\u00e0 le premier ministre Keir Starmer bouscul\u00e9 sur sa gauche par le tout nouveau pr\u00e9sident du parti \u00e9cologiste, Zack Polanski\u00a0: \u00ab\u00a0Nous sommes l\u00e0 pour vous remplacer\u00a0\u00bb, avait-il d\u00e9clar\u00e9 pendant la campagne. Le chemin promet cependant d\u2019\u00eatre long. Car s\u2019il a \u00e9t\u00e9 \u00e9lu haut la main le 2\u00a0septembre sur un programme promettant une communication audacieuse et un \u00ab\u00a0\u00e9co-populisme\u00a0\u00bb, l\u2019aura du personnage est encore limit\u00e9e. <\/p>\n<p>Cet article est r\u00e9serv\u00e9 aux abonn\u00e9s<\/p>\n<p>\n                    Vous souhaitez lire la suite\u00a0? Abonnez-vous sans engagement \u00e0 notre offre num\u00e9rique\n                <\/p>\n<p>                <a href=\"https:\/\/www.la-croix.com\/abonnement\" class=\"default-paywall__subscribe-button\" data-tracking=\"cta_click\" data-tracking-action=\"voir la page abonnement\" data-tracking-category=\"abonnement\" rel=\"nofollow noopener\" target=\"_blank\">Je m&rsquo;abonne<\/a><\/p>\n","protected":false},"excerpt":{"rendered":"Menac\u00e9 \u00e0 l\u2019extr\u00eame droite par le chef de Reform UK, Nigel Farage, voil\u00e0 le premier ministre Keir Starmer&hellip;\n","protected":false},"author":2,"featured_media":363808,"comment_status":"","ping_status":"","sticky":false,"template":"","format":"standard","meta":{"footnotes":""},"categories":[1588],"tags":[11,1777,674,12,473,1853,1851,1850,1852],"class_list":{"0":"post-363807","1":"post","2":"type-post","3":"status-publish","4":"format-standard","5":"has-post-thumbnail","7":"category-royaume-uni","8":"tag-actualites","9":"tag-eu","10":"tag-europe","11":"tag-news","12":"tag-royaume-uni","13":"tag-royaume-uni-de-grande-bretagne-et-dirlande-du-nord","14":"tag-uk","15":"tag-united-kingdom","16":"tag-united-kingdom-of-great-britain-and-northern-ireland"},"share_on_mastodon":{"url":"https:\/\/pubeurope.com\/@fr\/115141647011273020","error":""},"_links":{"self":[{"href":"https:\/\/www.europesays.com\/fr\/wp-json\/wp\/v2\/posts\/363807","targetHints":{"allow":["GET"]}}],"collection":[{"href":"https:\/\/www.europesays.com\/fr\/wp-json\/wp\/v2\/posts"}],"about":[{"href":"https:\/\/www.europesays.com\/fr\/wp-json\/wp\/v2\/types\/post"}],"author":[{"embeddable":true,"href":"https:\/\/www.europesays.com\/fr\/wp-json\/wp\/v2\/users\/2"}],"replies":[{"embeddable":true,"href":"https:\/\/www.europesays.com\/fr\/wp-json\/wp\/v2\/comments?post=363807"}],"version-history":[{"count":0,"href":"https:\/\/www.europesays.com\/fr\/wp-json\/wp\/v2\/posts\/363807\/revisions"}],"wp:featuredmedia":[{"embeddable":true,"href":"https:\/\/www.europesays.com\/fr\/wp-json\/wp\/v2\/media\/363808"}],"wp:attachment":[{"href":"https:\/\/www.europesays.com\/fr\/wp-json\/wp\/v2\/media?parent=363807"}],"wp:term":[{"taxonomy":"category","embeddable":true,"href":"https:\/\/www.europesays.com\/fr\/wp-json\/wp\/v2\/categories?post=363807"},{"taxonomy":"post_tag","embeddable":true,"href":"https:\/\/www.europesays.com\/fr\/wp-json\/wp\/v2\/tags?post=363807"}],"curies":[{"name":"wp","href":"https:\/\/api.w.org\/{rel}","templated":true}]}}