{"id":363809,"date":"2025-09-03T17:54:11","date_gmt":"2025-09-03T17:54:11","guid":{"rendered":"https:\/\/www.europesays.com\/fr\/363809\/"},"modified":"2025-09-03T17:54:11","modified_gmt":"2025-09-03T17:54:11","slug":"rtl-infos-mondial-2026-pour-nagelsmann-lallemagne-doit-se-stabiliser","status":"publish","type":"post","link":"https:\/\/www.europesays.com\/fr\/363809\/","title":{"rendered":"RTL Infos &#8211; Mondial 2026: Pour Nagelsmann, l&rsquo;Allemagne doit \u00ab\u00a0se stabiliser\u00a0\u00bb"},"content":{"rendered":"<p>\n                            \u00ab\u00a0Je souhaite que nous nous stabilisions\u00a0\u00bb, a gliss\u00e9 mercredi le s\u00e9lectionneur de l&rsquo;Allemagne Julian Nagelsmann, \u00e0 la veille de d\u00e9buter jeudi \u00e0 Bratislava contre la Slovaquie sa campagne de qualifications pour le Mondial-2026, o\u00f9 la Mannschaft visera si elle y acc\u00e8de le titre l&rsquo;\u00e9t\u00e9 prochain.                        <\/p>\n<p>\u00ab\u00a0Je souhaite que nous nous stabilisions, que des moments comme ceux que l&rsquo;on a connus contre l&rsquo;Italie ou le Portugal, o\u00f9 nous menons et puis o\u00f9 le match est ensuite devenu serr\u00e9 -ou m\u00eame que nous perdons- se fassent plus rares\u00a0\u00bb, a estim\u00e9 Julian Nagelsmann.<\/p>\n<p>Contre les Italiens fin mars en quarts de finale retour de la Ligue des nations, les Allemands ont dilapid\u00e9 une avance de trois buts apr\u00e8s une premi\u00e8re p\u00e9riode aboutie, et ont conc\u00e9d\u00e9 le match nul (3-3). Qualifi\u00e9s gr\u00e2ce \u00e0 leur succ\u00e8s \u00e0 Milan (2-1) quelques jours plus t\u00f4t \u00e0 l&rsquo;aller, les co\u00e9quipiers de Joshua Kimmich ont perdu leur demi-finale \u00e0 Munich d\u00e9but juin contre le Portugal (2-1, apr\u00e8s avoir men\u00e9 1-0).<\/p>\n<p>\u00ab\u00a0J&rsquo;ai souvent parl\u00e9 de cette perception que l&rsquo;on a de soi, qui est remise en question apr\u00e8s ces deux d\u00e9faites, \u00e7a s&rsquo;effrite un peu dans ces moments-l\u00e0. Ca ne se reconstruit durablement qu&rsquo;en gagnant\u00a0\u00bb, a ajout\u00e9 Nagelsmann.<\/p>\n<p>\u00ab\u00a0On souhaite aussi continuer \u00e0 \u00eatre stable dans le jeu de transition, apr\u00e8s la perte de balle. Nous le faisons tr\u00e8s bien, on est tr\u00e8s agressif\u00a0\u00bb dans le pressing, a soulign\u00e9 le s\u00e9lectionneur.<\/p>\n<p>L&rsquo;Allemagne se trouve dans un groupe de qualifications \u00e0 quatre avec la Slovaquie, l&rsquo;Irlande du Nord et le Luxembourg. Elle doit prendre la premi\u00e8re place pour se qualifier pour le Mondial-2026.<\/p>\n<p>Si elle y parvient, l&rsquo;Allemagne de Nagelsmann visera en Am\u00e9rique du Nord un cinqui\u00e8me titre, apr\u00e8s les sacres de 1954, 1974, 1990 et 2014.<\/p>\n<p>\u00ab\u00a0Je pense qu&rsquo;il est sain de d\u00e9clarer un objectif. C&rsquo;est difficile pour une \u00e9quipe, ou pour les gens en g\u00e9n\u00e9ral, de vivre sans but \u00e0 atteindre. Je trouve sain pour nous de nous fixer l&rsquo;objectif de devenir champion du monde\u00a0\u00bb, a estim\u00e9 son s\u00e9lectionneur.<\/p>\n","protected":false},"excerpt":{"rendered":"\u00ab\u00a0Je souhaite que nous nous stabilisions\u00a0\u00bb, a gliss\u00e9 mercredi le s\u00e9lectionneur de l&rsquo;Allemagne Julian Nagelsmann, \u00e0 la veille&hellip;\n","protected":false},"author":2,"featured_media":363810,"comment_status":"","ping_status":"","sticky":false,"template":"","format":"standard","meta":{"footnotes":""},"categories":[1587],"tags":[11,672,1804,1805,1803,1777,674,1801,12,1802],"class_list":{"0":"post-363809","1":"post","2":"type-post","3":"status-publish","4":"format-standard","5":"has-post-thumbnail","7":"category-allemagne","8":"tag-actualites","9":"tag-allemagne","10":"tag-bundesrepublik-deutschland","11":"tag-de","12":"tag-deutschland","13":"tag-eu","14":"tag-europe","15":"tag-germany","16":"tag-news","17":"tag-republique-federale-dallemagne"},"share_on_mastodon":{"url":"https:\/\/pubeurope.com\/@fr\/115141650930319311","error":""},"_links":{"self":[{"href":"https:\/\/www.europesays.com\/fr\/wp-json\/wp\/v2\/posts\/363809","targetHints":{"allow":["GET"]}}],"collection":[{"href":"https:\/\/www.europesays.com\/fr\/wp-json\/wp\/v2\/posts"}],"about":[{"href":"https:\/\/www.europesays.com\/fr\/wp-json\/wp\/v2\/types\/post"}],"author":[{"embeddable":true,"href":"https:\/\/www.europesays.com\/fr\/wp-json\/wp\/v2\/users\/2"}],"replies":[{"embeddable":true,"href":"https:\/\/www.europesays.com\/fr\/wp-json\/wp\/v2\/comments?post=363809"}],"version-history":[{"count":0,"href":"https:\/\/www.europesays.com\/fr\/wp-json\/wp\/v2\/posts\/363809\/revisions"}],"wp:featuredmedia":[{"embeddable":true,"href":"https:\/\/www.europesays.com\/fr\/wp-json\/wp\/v2\/media\/363810"}],"wp:attachment":[{"href":"https:\/\/www.europesays.com\/fr\/wp-json\/wp\/v2\/media?parent=363809"}],"wp:term":[{"taxonomy":"category","embeddable":true,"href":"https:\/\/www.europesays.com\/fr\/wp-json\/wp\/v2\/categories?post=363809"},{"taxonomy":"post_tag","embeddable":true,"href":"https:\/\/www.europesays.com\/fr\/wp-json\/wp\/v2\/tags?post=363809"}],"curies":[{"name":"wp","href":"https:\/\/api.w.org\/{rel}","templated":true}]}}