{"id":363813,"date":"2025-09-03T17:56:13","date_gmt":"2025-09-03T17:56:13","guid":{"rendered":"https:\/\/www.europesays.com\/fr\/363813\/"},"modified":"2025-09-03T17:56:13","modified_gmt":"2025-09-03T17:56:13","slug":"je-ne-pouvais-pas-etre-enceinte-line-renaud-explique-pourquoi-elle-na-jamais-eu-denfant-et-ce-netait-pas-vraiment-son-choix","status":"publish","type":"post","link":"https:\/\/www.europesays.com\/fr\/363813\/","title":{"rendered":"\u00ab\u00a0Je ne pouvais pas \u00eatre enceinte\u00a0\u00bb\u00a0: Line Renaud explique pourquoi elle n&rsquo;a jamais eu d&rsquo;enfant et ce n&rsquo;\u00e9tait pas vraiment son choix"},"content":{"rendered":"<p class=\"ap-StoryElement ap-StoryElement--mb ap-StoryText\">Line Renaud a 97 ans. Un \u00e2ge auquel elle est toujours en forme. \u00ab\u00a0J&rsquo;attends mes 100 ans\u00a0\u00bb, a-t-elle r\u00e9cemment confi\u00e9 au Parisien. \u00ab\u00a0Aller mieux, ce serait ind\u00e9cent pour mon \u00e2ge\u00a0\u00bb, avait-elle ajout\u00e9. Celle qui affirme \u00ab\u00a0vivre le pr\u00e9sent\u00a0\u00bb a eu une vie et une carri\u00e8re bien remplie. En effet, comme le rappelle le Journal des Femmes, elle a \u00e9t\u00e9 meneuse de revue, a sa propre rue \u00e0 son nom \u00e0 Las Vegas, elle a \u00e9t\u00e9 une chanteuse populaire, une actrice et m\u00eame une militante de la lutte contre le sida.<\/p>\n","protected":false},"excerpt":{"rendered":"Line Renaud a 97 ans. Un \u00e2ge auquel elle est toujours en forme. \u00ab\u00a0J&rsquo;attends mes 100 ans\u00a0\u00bb, a-t-elle&hellip;\n","protected":false},"author":2,"featured_media":363814,"comment_status":"","ping_status":"","sticky":false,"template":"","format":"standard","meta":{"footnotes":""},"categories":[1586],"tags":[49851,11,317,1282,28944,847,1777,674,1779,1011,27,18994,7629,12,2386,25,1778,364],"class_list":{"0":"post-363813","1":"post","2":"type-post","3":"status-publish","4":"format-standard","5":"has-post-thumbnail","7":"category-europe","8":"tag-97-ans","9":"tag-actualites","10":"tag-age","11":"tag-carriere","12":"tag-enceinte","13":"tag-enfant","14":"tag-eu","15":"tag-europe","16":"tag-european-union","17":"tag-fr","18":"tag-france","19":"tag-line-renaud","20":"tag-maman","21":"tag-news","22":"tag-regret","23":"tag-republique-francaise","24":"tag-ue","25":"tag-union-europeenne"},"share_on_mastodon":{"url":"https:\/\/pubeurope.com\/@fr\/115141658909860518","error":""},"_links":{"self":[{"href":"https:\/\/www.europesays.com\/fr\/wp-json\/wp\/v2\/posts\/363813","targetHints":{"allow":["GET"]}}],"collection":[{"href":"https:\/\/www.europesays.com\/fr\/wp-json\/wp\/v2\/posts"}],"about":[{"href":"https:\/\/www.europesays.com\/fr\/wp-json\/wp\/v2\/types\/post"}],"author":[{"embeddable":true,"href":"https:\/\/www.europesays.com\/fr\/wp-json\/wp\/v2\/users\/2"}],"replies":[{"embeddable":true,"href":"https:\/\/www.europesays.com\/fr\/wp-json\/wp\/v2\/comments?post=363813"}],"version-history":[{"count":0,"href":"https:\/\/www.europesays.com\/fr\/wp-json\/wp\/v2\/posts\/363813\/revisions"}],"wp:featuredmedia":[{"embeddable":true,"href":"https:\/\/www.europesays.com\/fr\/wp-json\/wp\/v2\/media\/363814"}],"wp:attachment":[{"href":"https:\/\/www.europesays.com\/fr\/wp-json\/wp\/v2\/media?parent=363813"}],"wp:term":[{"taxonomy":"category","embeddable":true,"href":"https:\/\/www.europesays.com\/fr\/wp-json\/wp\/v2\/categories?post=363813"},{"taxonomy":"post_tag","embeddable":true,"href":"https:\/\/www.europesays.com\/fr\/wp-json\/wp\/v2\/tags?post=363813"}],"curies":[{"name":"wp","href":"https:\/\/api.w.org\/{rel}","templated":true}]}}