{"id":363815,"date":"2025-09-03T17:57:13","date_gmt":"2025-09-03T17:57:13","guid":{"rendered":"https:\/\/www.europesays.com\/fr\/363815\/"},"modified":"2025-09-03T17:57:13","modified_gmt":"2025-09-03T17:57:13","slug":"a-venise-avec-joaquin-phoenix-et-ce-discours-puissant-the-voice-of-hind-rajab-confirme-son-onde-de-choc","status":"publish","type":"post","link":"https:\/\/www.europesays.com\/fr\/363815\/","title":{"rendered":"\u00c0 Venise, avec Joaquin Phoenix et ce discours puissant, \u00ab\u00a0The Voice of Hind Rajab\u00a0\u00bb confirme son onde de choc"},"content":{"rendered":"<p>        <img decoding=\"async\" loading=\"lazy\" src=\"https:\/\/www.europesays.com\/fr\/wp-content\/uploads\/2025\/09\/3a132e9_upload-1-vrbjx8a154e0-afp-20250903-73a49fc-v1-highres-italycinemavenicefilmfestivalmostra.jp.jpeg\"  width=\"728\" height=\"410\" alt=\"Joaquin Phoenix est l\u2019un des producteurs de &quot;The Voice of Hind Rajab&quot; \"\/>  <\/p>\n<p>TIZIANA FABI \/ AFP<\/p>\n<p>Joaquin Phoenix est l\u2019un des producteurs de \u00ab\u00a0The Voice of Hind Rajab\u00a0\u00bb <\/p>\n<p class=\"asset asset-text\">CIN\u00c9MA &#8211; C\u2019\u00e9tait l\u2019\u00e9v\u00e8nement que toute la Biennale attendait. Pour la<a href=\"https:\/\/www.huffingtonpost.fr\/culture\/video\/dwayne-johnson-a-la-mostra-de-venise-pour-the-smashing-machine-n-a-pas-reussi-a-retenir-ses-larmes_254308.html\" target=\"_blank\" rel=\"noopener\"> 82e \u00e9dition de la Mostra de Venise<\/a>, le Lido a accueilli l\u2019\u00e9quipe du film <a href=\"https:\/\/www.huffingtonpost.fr\/culture\/article\/mostra-de-venise-the-voice-of-hind-rajab-n-est-pas-encore-projete-que-gaza-y-est-deja-dans-toutes-les-tetes_254121.html\" target=\"_blank\" rel=\"noopener\">The Voice of Hind Rajab<\/a>. Le long-m\u00e9trage aborde la <a href=\"https:\/\/www.huffingtonpost.fr\/culture\/article\/once-upon-a-time-in-gaza-des-freres-nasser-reussit-a-nous-faire-rire-en-temps-de-guerre_251711.html\" target=\"_blank\" rel=\"noopener\">guerre \u00e0 Gaza<\/a> sous le prisme d\u2019une fillette tu\u00e9e en tentant de fuir la ville sous les bombes isra\u00e9liennes. Avant m\u00eame les projections du film, ce dernier \u00e9tait dans toutes les t\u00eates. Et la conf\u00e9rence de presse qui a eu lieu ce mercredi restera peut-\u00eatre l\u2019un des moments les plus forts de cette \u00e9dition.<\/p>\n<p class=\"asset asset-text\">Le long-m\u00e9trage de Kaouther Ben Hania a \u00e9t\u00e9 pr\u00e9sent\u00e9 \u00e0 la presse lors de plusieurs projections, puis comme pour tous les films en comp\u00e9tition, l\u2019\u00e9quipe du film s\u2019est r\u00e9unie devant les journalistes pour la traditionnelle <a href=\"https:\/\/www.youtube.com\/watch?v=a_fjQdwBAhc\" target=\"_blank\" rel=\"noopener\" title=\"Nouvelle fen\u00eatre\">conf\u00e9rence de presse<\/a> visible sur YouTube. Mais celle-ci ne s\u2019est pas d\u00e9roul\u00e9e comme toutes les pr\u00e9c\u00e9dentes.<\/p>\n<p class=\"asset asset-text\">Avant m\u00eame que la premi\u00e8re question ne soit pos\u00e9e, la com\u00e9dienne Saja Kilani a pris la parole pour faire une d\u00e9claration au nom des acteurs et de toute l\u2019\u00e9quipe du film. Une d\u00e9claration solennelle puissante pour souligner les violences commises sur la population civile par l\u2019arm\u00e9e isra\u00e9lienne \u00e0 Gaza depuis bient\u00f4t deux ans. \u00ab\u00a0Est-ce que \u00e7a ne suffit pas\u00a0? Les tueries de masses, la famine, la d\u00e9shumanisation, la destruction, l\u2019occupation. The Voice of Hind Rajab n\u2019a pas besoin qu\u2019on le d\u00e9fende. Ce film n\u2019est pas un point de vue, ou un fantasme. Il est ancr\u00e9 dans la v\u00e9rit\u00e9. Le destin de Hind est celui de toute une population\u00a0\u00bb, a \u00e9nonc\u00e9 l\u2019actrice, la voix assur\u00e9e.<\/p>\n<blockquote><p>Assez. Pas un jour, pas demain, maintenant<\/p><\/blockquote>\n<p class=\"asset asset-text\">Hind Rajab est une\u00a0<a href=\"https:\/\/www.huffingtonpost.fr\/international\/article\/apres-la-mort-de-hind-rajab-6-ans-gaza-washington-exige-une-enquete-urgente_229799.html\" target=\"_blank\" rel=\"noopener\" title=\"Nouvelle fen\u00eatre\">fillette de six ans tu\u00e9e le 29\u00a0janvier\u00a02024 \u00e0 Gaza<\/a>\u00a0avec plusieurs membres de sa famille \u00e0 bord d\u2019une voiture, alors qu\u2019elle tentait de fuir les bombardements isra\u00e9liens. Son histoire avait fait le tour du monde en raison de la diffusion des\u00a0<a href=\"https:\/\/x.com\/RFI\/status\/1757664606275752321?ref_src=twsrc%5Etfw%7Ctwcamp%5Etweetembed%7Ctwterm%5E1757664606275752321%7Ctwgr%5Ed5de616cd584b12e15946f00ad5c01aa75b93a7b%7Ctwcon%5Es1_&amp;ref_url=https%3A%2F%2Fwww.huffingtonpost.fr%2Finternational%2Farticle%2Fapres-la-mort-de-hind-rajab-6-ans-gaza-washington-exige-une-enquete-urgente_229799.html\" target=\"_blank\" rel=\"noopener\" title=\"Nouvelle fen\u00eatre\">enregistrements audios d\u00e9chirants<\/a>\u00a0de Hind Rajab appelant les secours. \u00ab\u00a0Sa voix est celle de dizaines de milliers d\u2019enfants tu\u00e9s au cours des deux ann\u00e9es pass\u00e9es. La voix de toutes les filles et fils qui auraient d\u00fb avoir le droit de vivre normalement et de r\u00eaver, mais \u00e0 qui on a tout pris en un claquement de doigts\u00a0\u00bb, poursuit l\u2019actrice.<\/p>\n<p class=\"asset asset-text\">Le film retracera son histoire du point de vue des op\u00e9rateurs du Croissant rouge palestinien qui \u00e9taient en ligne avec la petite fille durant le bombardement au cours duquel elle a perdu la vie. \u00ab\u00a0L\u2019histoire de Hind c\u2019est celle d\u2019une petite fille qui appelle \u00e0 l\u2019aide \u2019sauvez-moi\u2019. La vraie question est celle-ci\u00a0: comment avons-nous laiss\u00e9 une fillette avoir besoin de supplier qu\u2019on lui sauve la vie\u00a0? Il faut que la voix de Hind r\u00e9sonne dans le monde entier, et vous rappelle le silence qui \u00e9touffe Gaza. Qu\u2019elle mette un mot sur le g\u00e9nocide qu\u2019on refuse de nommer. Et qu\u2019elle porte ce message\u00a0: Assez. Pas un jour, pas demain, maintenant\u00a0\u00bb, a conclu la com\u00e9dienne palestinienne, reprenant le mot \u00ab\u00a0enough\u00a0\u00bb inscrit sur son pins, identique \u00e0 celui port\u00e9 par toute l\u2019\u00e9quipe du film.<\/p>\n<p>    Le soutien de Joaquin Phoenix    <\/p>\n<p class=\"asset asset-text\">Cette prise de parole a \u00e9t\u00e9 suivie de mots \u00e9galement tr\u00e8s forts de la r\u00e9alisatrice Kaouther Ben Hania\u00a0: \u00ab\u00a0Lorsque j\u2019ai entendu pour la premi\u00e8re fois la voix d\u2019Hind Rajab, il y avait quelque chose de plus que sa voix. C\u2019\u00e9tait la voix de Gaza qui appelait \u00e0 l\u2019aide et personne ne pouvait entrer\u00a0\u00bb.<\/p>\n<p class=\"asset asset-text\">La r\u00e9alisatrice a aussi r\u00e9pondu \u00e0 une question concernant les r\u00e9cents soutiens de poids re\u00e7us par le film affirmant n\u2019avoir \u00ab\u00a0jamais imagin\u00e9 cela possible\u00a0\u00bb. Les figures du 7e art que sont Brad Pitt, Alfonso Cuaron, le\u00a0<a href=\"https:\/\/www.huffingtonpost.fr\/culture\/video\/aux-oscars-2024-jonathan-glazer-consacre-son-discours-a-la-deshumanisation-et-l-occupation-a-gaza_231030.html\" target=\"_blank\" rel=\"noopener\">r\u00e9alisateur du film\u00a0La Zone d\u2019Int\u00e9r\u00eat\u00a0Jonathan Glazer<\/a>, ou Joaquin Phoenix ont en effet, quelques jours avant sa pr\u00e9sentation, apport\u00e9 leur soutien \u00e0\u00a0The Voice of Hind Rajab\u00a0en devenant producteurs ex\u00e9cutifs du film. La star de Joker \u00e9tait d\u2019ailleurs pr\u00e9sente ce mercredi en compagnie de son \u00e9pouse. Joaquin Phoenix et Rooney Mara ont en effet \u00e9t\u00e9 photographi\u00e9s sur le tapis rouge de la conf\u00e9rence de presse affubl\u00e9s d\u2019un pins rouge de soutien \u00e0 la Palestine, repr\u00e9sentant une main lev\u00e9e et un c\u0153ur noir, symbole d\u2019un appel au cessez-le-feu.<\/p>\n<p class=\"asset asset-text\">Sur le tapis rouge officiel qui a eu lieu quelques heures apr\u00e8s, le couple de c\u00e9l\u00e9brit\u00e9s am\u00e9ricaines \u00e9tait \u00e0 nouveau pr\u00e9sent aux c\u00f4t\u00e9s du casting. Tous portaient du noir rendant leur pins tr\u00e8s visible. L\u2019acteur Motaz Malhees tenait dans les mains un portrait de Hind Rajab.<\/p>\n<p>         <img decoding=\"async\" loading=\"lazy\" src=\"https:\/\/www.europesays.com\/fr\/wp-content\/uploads\/2025\/09\/4680681_upload-1-axc4v42nfkat-afp-20250903-73az4jp-v1-highres-italycinemavenicefilmfestivalmostra.jp.jpeg\"  width=\"728\" height=\"485\" alt=\"From left : Actress Saja Kilani, Tunisian director Kaouther Ben Hania, actress Clara Khoury  actor Motaz Malhees, and producers Nadim Cheikhrouha, Odessa Rae, Jim Wilson, Rooney Mara, Joaquin Phoenix, pose with a portrait of late Palestinian girl Hind Rajab, during  the red carpet for the movie &quot;The Voice of Hind Rajab&quot; presented in competition at the 82nd International Venice Film Festival, at Venice Lido on September 3, 2025. (Photo by Stefano RELLANDINI \/ AFP)\"\/>  <\/p>\n<p>STEFANO RELLANDINI \/ AFP<\/p>\n<p>From left : Actress Saja Kilani, Tunisian director Kaouther Ben Hania, actress Clara Khoury  actor Motaz Malhees, and producers Nadim Cheikhrouha, Odessa Rae, Jim Wilson, Rooney Mara, Joaquin Phoenix, pose with a portrait of late Palestinian girl Hind Rajab, during  the red carpet for the movie \u00ab\u00a0The Voice of Hind Rajab\u00a0\u00bb presented in competition at the 82nd International Venice Film Festival, at Venice Lido on September 3, 2025. (Photo by Stefano RELLANDINI \/ AFP)<\/p>\n<p>     Une mostra le regard tourn\u00e9 vers Gaza    <\/p>\n<p class=\"asset asset-text\">Ce n\u2019est pas la premi\u00e8re fois depuis le d\u00e9but de cette 82e Mostra de Venise que la politique et le conflit isra\u00e9lo-palestinien s\u2019invitent sur le Lido. Un collectif avait par exemple appel\u00e9 \u00e0 d\u00e9sinviter les stars du film In the Hand of Dante Gal Gadot et Gerald Butler, tous deux fervents soutiens de l\u2019arm\u00e9e isra\u00e9lienne. Une demande rejet\u00e9e par la direction du festival.<\/p>\n<p class=\"asset asset-text\">Le samedi 30\u00a0ao\u00fbt, plusieurs milliers de personnes ont par ailleurs manifest\u00e9 dans la cit\u00e9 des Doges pour appeler \u00e0 la fin de l\u2019intervention militaire isra\u00e9lienne \u00e0 Gaza. Plusieurs personnalit\u00e9s comme George Clooney ou le r\u00e9alisateur grec Yorgos Lanthimos ont profit\u00e9 des tribunes qui leur \u00e9taient ouvertes pour prendre la parole et appeler \u00e9galement au cessez-le-feu.<\/p>\n<p class=\"asset asset-text\">The Voice of Hind Rajab est en comp\u00e9tition pour le Lion d\u2019or de cette 82e Mostra de Venise. Victoire ou pas, son avenir est en tout cas trac\u00e9. Apr\u00e8s Venise, le film va \u00eatre pr\u00e9sent\u00e9 lors de nombreux festivals \u00e0 travers le globe. Il a par ailleurs d\u00e9j\u00e0 \u00e9t\u00e9 s\u00e9lectionn\u00e9 pour repr\u00e9senter la Tunisie \u00e0 la prochaine c\u00e9r\u00e9monie des Oscars.<\/p>\n","protected":false},"excerpt":{"rendered":"TIZIANA FABI \/ AFP Joaquin Phoenix est l\u2019un des producteurs de \u00ab\u00a0The Voice of Hind Rajab\u00a0\u00bb CIN\u00c9MA &#8211;&hellip;\n","protected":false},"author":2,"featured_media":363816,"comment_status":"","ping_status":"","sticky":false,"template":"","format":"standard","meta":{"footnotes":""},"categories":[2],"tags":[11,650,251,2081,1011,27,665,48869,12,25],"class_list":{"0":"post-363815","1":"post","2":"type-post","3":"status-publish","4":"format-standard","5":"has-post-thumbnail","7":"category-actualites","8":"tag-actualites","9":"tag-cinema","10":"tag-culture","11":"tag-film","12":"tag-fr","13":"tag-france","14":"tag-gaza","15":"tag-mostra-de-venise","16":"tag-news","17":"tag-republique-francaise"},"share_on_mastodon":{"url":"https:\/\/pubeurope.com\/@fr\/115141663254574648","error":""},"_links":{"self":[{"href":"https:\/\/www.europesays.com\/fr\/wp-json\/wp\/v2\/posts\/363815","targetHints":{"allow":["GET"]}}],"collection":[{"href":"https:\/\/www.europesays.com\/fr\/wp-json\/wp\/v2\/posts"}],"about":[{"href":"https:\/\/www.europesays.com\/fr\/wp-json\/wp\/v2\/types\/post"}],"author":[{"embeddable":true,"href":"https:\/\/www.europesays.com\/fr\/wp-json\/wp\/v2\/users\/2"}],"replies":[{"embeddable":true,"href":"https:\/\/www.europesays.com\/fr\/wp-json\/wp\/v2\/comments?post=363815"}],"version-history":[{"count":0,"href":"https:\/\/www.europesays.com\/fr\/wp-json\/wp\/v2\/posts\/363815\/revisions"}],"wp:featuredmedia":[{"embeddable":true,"href":"https:\/\/www.europesays.com\/fr\/wp-json\/wp\/v2\/media\/363816"}],"wp:attachment":[{"href":"https:\/\/www.europesays.com\/fr\/wp-json\/wp\/v2\/media?parent=363815"}],"wp:term":[{"taxonomy":"category","embeddable":true,"href":"https:\/\/www.europesays.com\/fr\/wp-json\/wp\/v2\/categories?post=363815"},{"taxonomy":"post_tag","embeddable":true,"href":"https:\/\/www.europesays.com\/fr\/wp-json\/wp\/v2\/tags?post=363815"}],"curies":[{"name":"wp","href":"https:\/\/api.w.org\/{rel}","templated":true}]}}