{"id":363818,"date":"2025-09-03T17:59:14","date_gmt":"2025-09-03T17:59:14","guid":{"rendered":"https:\/\/www.europesays.com\/fr\/363818\/"},"modified":"2025-09-03T17:59:14","modified_gmt":"2025-09-03T17:59:14","slug":"electricite-edf-signe-avec-le-cimentier-lafarge-france-un-contrat-dapprovisionnement-03-09-2025-a-1944","status":"publish","type":"post","link":"https:\/\/www.europesays.com\/fr\/363818\/","title":{"rendered":"Electricit\u00e9: EDF signe avec le cimentier Lafarge France un contrat d&rsquo;approvisionnement &#8211; 03\/09\/2025 \u00e0 19:44"},"content":{"rendered":"<p>        <img fetchpriority=\"high\" decoding=\"async\" src=\"https:\/\/www.europesays.com\/fr\/wp-content\/uploads\/2025\/09\/6fc4dcf84eca349a11a2e1150d429d56-760x507.jpg\" alt=\"( AFP \/ MIGUEL MEDINA )\" loading=\"eager\" width=\"760\" height=\"507\" style=\"max-width: 100%!important; height: auto;\"\/><\/p>\n<p class=\"c-image-news__legend\">( AFP \/ MIGUEL MEDINA )<\/p>\n<p>\n EDF a annonc\u00e9 mercredi la signature d&rsquo;un contrat d&rsquo;approvisionnement d&rsquo;\u00e9lectricit\u00e9 nucl\u00e9aire de long terme avec le cimentier Lafarge France (groupe<br \/>\n <a href=\"https:\/\/www.boursorama.com\/cours\/2aHOLN\/\" rel=\"nofollow noopener\" target=\"_blank\"><br \/>\n  Holcim<br \/>\n <\/a><br \/>\n ), un exemple de contrat qu&rsquo;EDF souhaite multiplier avec les industriels les plus \u00e9nergivores pour r\u00e9pondre \u00e0 leurs besoins de comp\u00e9titivit\u00e9 et de visibilit\u00e9.\n<\/p>\n<p>\n \u00ab\u00a0Le contrat pr\u00e9voit de couvrir une partie de la consommation \u00e9lectrique de l&rsquo;ensemble des sites \u00e9lectro-intensifs de Lafarge en France et de r\u00e9duire significativement l&#8217;empreinte carbone de ses activit\u00e9s tout en maintenant la comp\u00e9titivit\u00e9 de ses sites (&#8230;)\u00a0\u00bb, a soulign\u00e9 EDF dans un communiqu\u00e9.\n<\/p>\n<p>\n Ce contrat dit d&rsquo;allocation de production nucl\u00e9aire (CAPN) \u00ab\u00a0consiste \u00e0 allouer \u00e0 Lafarge France une quote-part de la puissance du parc nucl\u00e9aire en exploitation d&rsquo;EDF sur plus de 10 ans\u00a0\u00bb, pr\u00e9cise-t-il.\n<\/p>\n<p>\n EDF tente de nouer des contrats avec ses plus gros clients, les industriels tr\u00e8s gourmands en \u00e9lectricit\u00e9 dits \u00ab\u00a0\u00e9lectro-intensifs\u00a0\u00bb, dans le cadre d&rsquo;une nouvelle politique commerciale.\n<\/p>\n<p>\n Celle-ci doit succ\u00e9der au syst\u00e8me r\u00e9gul\u00e9 dit Arenh, impos\u00e9 par la Commission europ\u00e9enne \u00e0 EDF. Tr\u00e8s favorable aux industriels, il leur accordait un prix brad\u00e9 de 42 euros le MWh d&rsquo;\u00e9lectricit\u00e9 nucl\u00e9aire pour une partie de leurs approvisionnements.\n<\/p>\n<p>\n Mais ce syst\u00e8me arrivant \u00e0 expiration fin 2025, EDF entend le remplacer par des partenariats de long terme qui offrent des prix stables, refl\u00e9tant les co\u00fbts de production et non les fluctuations du march\u00e9, mais plus \u00e9lev\u00e9s en moyenne que l&rsquo;ancien tarif \u00ab\u00a0Arenh\u00a0\u00bb. Parmi ces contrats, les CAPN, r\u00e9serv\u00e9s aux grands industriels.\n<\/p>\n<p>\n Les conditions de cette nouvelle politique commerciale ont \u00e9t\u00e9 au coeur d&rsquo;un bras de fer entre EDF et les industriels qui r\u00e9clamaient des rabais pour maintenir leur comp\u00e9titivit\u00e9. Des mois de n\u00e9gociations houleuses qui ont d&rsquo;ailleurs en partie pr\u00e9cipit\u00e9 le d\u00e9part de l&rsquo;ancien patron du groupe nationalis\u00e9, Luc R\u00e9mont, \u00e9vinc\u00e9 par l&rsquo;Elys\u00e9e.\n<\/p>\n<p>\n A son arriv\u00e9e d\u00e9but mai, son successeur Bernard Fontana a affich\u00e9 sa volont\u00e9 de renouer le dialogue avec les industriels.\n<\/p>\n<p>\n A ce jour, sur les contrats de long terme, EDF a sign\u00e9 14 lettres d&rsquo;intention pour des CAPN, dont 3 contrats fermes incluant celui avec Lafarge France, pour un total repr\u00e9sentant plus de 16 TWh annuels.\n<\/p>\n<p>\n EDF a \u00e9galement annonc\u00e9 des protocoles d&rsquo;accord avec les groupes de chimie Arkema et Kem One, et un contrat de long terme avec Aluminium Dunkerque, 1\u00e8re usine consommatrice d&rsquo;\u00e9lectricit\u00e9 de France.\n<\/p>\n<p>\n En parall\u00e8le, EDF poursuit le d\u00e9ploiement de ses contrats de moyen terme \u00e0 destination des entreprises. Au total, 13.000 contrats ont \u00e9t\u00e9 sign\u00e9s dont 60% concernent l&rsquo;industrie, repr\u00e9sentant un volume de 22 TWh pour livraison en 2028.<\/p>\n","protected":false},"excerpt":{"rendered":"( AFP \/ MIGUEL MEDINA ) EDF a annonc\u00e9 mercredi la signature d&rsquo;un contrat d&rsquo;approvisionnement d&rsquo;\u00e9lectricit\u00e9 nucl\u00e9aire de&hellip;\n","protected":false},"author":2,"featured_media":363819,"comment_status":"","ping_status":"","sticky":false,"template":"","format":"standard","meta":{"footnotes":""},"categories":[4],"tags":[400,11,398,408,405,1011,27,403,402,399,404,12,25,401,406,407],"class_list":{"0":"post-363818","1":"post","2":"type-post","3":"status-publish","4":"format-standard","5":"has-post-thumbnail","7":"category-france","8":"tag-action-cac-40","9":"tag-actualites","10":"tag-bourse-de-paris","11":"tag-boursorama","12":"tag-cotations","13":"tag-fr","14":"tag-france","15":"tag-indices-devises","16":"tag-investir","17":"tag-investissement","18":"tag-marche-boursier","19":"tag-news","20":"tag-republique-francaise","21":"tag-sicav","22":"tag-trackers","23":"tag-warrants"},"share_on_mastodon":{"url":"https:\/\/pubeurope.com\/@fr\/115141670724696516","error":""},"_links":{"self":[{"href":"https:\/\/www.europesays.com\/fr\/wp-json\/wp\/v2\/posts\/363818","targetHints":{"allow":["GET"]}}],"collection":[{"href":"https:\/\/www.europesays.com\/fr\/wp-json\/wp\/v2\/posts"}],"about":[{"href":"https:\/\/www.europesays.com\/fr\/wp-json\/wp\/v2\/types\/post"}],"author":[{"embeddable":true,"href":"https:\/\/www.europesays.com\/fr\/wp-json\/wp\/v2\/users\/2"}],"replies":[{"embeddable":true,"href":"https:\/\/www.europesays.com\/fr\/wp-json\/wp\/v2\/comments?post=363818"}],"version-history":[{"count":0,"href":"https:\/\/www.europesays.com\/fr\/wp-json\/wp\/v2\/posts\/363818\/revisions"}],"wp:featuredmedia":[{"embeddable":true,"href":"https:\/\/www.europesays.com\/fr\/wp-json\/wp\/v2\/media\/363819"}],"wp:attachment":[{"href":"https:\/\/www.europesays.com\/fr\/wp-json\/wp\/v2\/media?parent=363818"}],"wp:term":[{"taxonomy":"category","embeddable":true,"href":"https:\/\/www.europesays.com\/fr\/wp-json\/wp\/v2\/categories?post=363818"},{"taxonomy":"post_tag","embeddable":true,"href":"https:\/\/www.europesays.com\/fr\/wp-json\/wp\/v2\/tags?post=363818"}],"curies":[{"name":"wp","href":"https:\/\/api.w.org\/{rel}","templated":true}]}}