{"id":363820,"date":"2025-09-03T18:00:11","date_gmt":"2025-09-03T18:00:11","guid":{"rendered":"https:\/\/www.europesays.com\/fr\/363820\/"},"modified":"2025-09-03T18:00:11","modified_gmt":"2025-09-03T18:00:11","slug":"les-cours-de-golf-vont-reprendre-dans-cette-commune-du-cotentin","status":"publish","type":"post","link":"https:\/\/www.europesays.com\/fr\/363820\/","title":{"rendered":"Les cours de golf vont reprendre dans cette commune du Cotentin"},"content":{"rendered":"<p>            Par<br \/>\n        <strong><br \/>\n            <a href=\"https:\/\/actu.fr\/auteur\/redaction-pressemanche\" title=\"Consulter tous les articles de R\u00e9daction La Presse de la Manche\" target=\"_blank\" rel=\"noopener\">R\u00e9daction La Presse de la Manche<\/a><br \/>\n        <\/strong><\/p>\n<p>        Publi\u00e9 le<\/p>\n<p>            3 sept. 2025 \u00e0 13h28        <\/p>\n<p>L\u2019\u00e9cole de golf d\u2019Utah Beach, qui se trouve sur la commune de <a href=\"https:\/\/actu.fr\/normandie\/fontenay-sur-mer_50190\" target=\"_blank\" rel=\"noopener\">Fontenay-sur-Mer<\/a> (Manche), reprend <b>\u00e0 partir du samedi 6\u00a0septembre 2025<\/b> ses cours pour les jeunes de tous niveaux. \u00ab\u2009Nous accueillons les jeunes <b>\u00e0 partir de 7\u00a0ans<\/b>, pr\u00e9cise Jacky Millet, le responsable de l\u2019\u00e9cole. <b>L\u2019\u00e2ge limite est de 18\u00a0ans.<\/b>\u2009\u00bb<\/p>\n<p class=\" wall-content\">Les cours se d\u00e9roulent toute l\u2019ann\u00e9e <b>le samedi \u00e0 partir de 10\u00a0heures<\/b>, pas de s\u00e9ances durant les vacances. Les responsables sp\u00e9cifient que s\u2019il y a des demandes, des s\u00e9ances pourraient avoir lieu le mercredi.<\/p>\n<p class=\" wall-content\"><b>Deux propositions selon le niveau\u2009:<\/b> pour les d\u00e9butants, deux heures de cours (110 euros par saison)\u2009; pour le perfectionnement, 2\u2009h\u200930 de cours (160 euros par saison).<\/p>\n<p>Des essais gratuits<\/p>\n<p class=\" wall-content\"><b>L\u2019abonnement comprend <\/b>les cours dispens\u00e9s par Olivier Ch\u00e9ron professeur, la licence, l\u2019acc\u00e8s au terrain et practice \u00e0 volont\u00e9 et le pr\u00eat de mat\u00e9riel, ainsi que l\u2019adh\u00e9sion \u00e0 l\u2019association sportive, la participation aux frais d\u2019inscription aux comp\u00e9titions club et aux grands prix jeunes et de nombreuses animations tout au long de l\u2019ann\u00e9e.<\/p>\n<p class=\" wall-content\">\u00ab<b>\u2009Tout le mois de septembre, les essais sont gratuits pour tous<\/b>, poursuit Jacky Millet. Les personnes qui veulent des renseignements peuvent me contacter au 06\u200909\u200957\u200918\u200997. On vous attend nombreux \u00e0 nous rejoindre le samedi 6\u00a0septembre.\u2009\u00bb<\/p>\n<p class=\" wall-content\">Des membres seront \u00e9galement au forum des associations de <a href=\"https:\/\/actu.fr\/normandie\/montebourg_50341\" target=\"_blank\" rel=\"noopener\">Montebourg<\/a> le samedi 6 septembre.<\/p>\n<p class=\" wall-content\">Personnalisez votre actualit\u00e9 en ajoutant vos villes et m\u00e9dias en favori avec <a href=\"https:\/\/moncompte.actu.fr\" title=\"D\u00e9couvez Mon Actu\" rel=\"nofollow noopener\" data-trk=\"{&quot;cta&quot;:{&quot;action&quot;:&quot;https:\\\/\\\/moncompte.actu.fr&quot;,&quot;category&quot;:&quot;mon compte&quot;,&quot;from&quot;:&quot;article footer&quot;,&quot;name&quot;:&quot;Mon actu&quot;,&quot;type&quot;:&quot;cta&quot;}}\" target=\"_blank\">Mon Actu<\/a>.<\/p>\n","protected":false},"excerpt":{"rendered":"Par R\u00e9daction La Presse de la Manche Publi\u00e9 le 3 sept. 2025 \u00e0 13h28 L\u2019\u00e9cole de golf d\u2019Utah&hellip;\n","protected":false},"author":2,"featured_media":363821,"comment_status":"","ping_status":"","sticky":false,"template":"","format":"standard","meta":{"footnotes":""},"categories":[1418],"tags":[3168,1011,27,1472,60],"class_list":{"0":"post-363820","1":"post","2":"type-post","3":"status-publish","4":"format-standard","5":"has-post-thumbnail","7":"category-golf","8":"tag-cotentin","9":"tag-fr","10":"tag-france","11":"tag-golf","12":"tag-sports"},"share_on_mastodon":{"url":"https:\/\/pubeurope.com\/@fr\/115141674424384168","error":""},"_links":{"self":[{"href":"https:\/\/www.europesays.com\/fr\/wp-json\/wp\/v2\/posts\/363820","targetHints":{"allow":["GET"]}}],"collection":[{"href":"https:\/\/www.europesays.com\/fr\/wp-json\/wp\/v2\/posts"}],"about":[{"href":"https:\/\/www.europesays.com\/fr\/wp-json\/wp\/v2\/types\/post"}],"author":[{"embeddable":true,"href":"https:\/\/www.europesays.com\/fr\/wp-json\/wp\/v2\/users\/2"}],"replies":[{"embeddable":true,"href":"https:\/\/www.europesays.com\/fr\/wp-json\/wp\/v2\/comments?post=363820"}],"version-history":[{"count":0,"href":"https:\/\/www.europesays.com\/fr\/wp-json\/wp\/v2\/posts\/363820\/revisions"}],"wp:featuredmedia":[{"embeddable":true,"href":"https:\/\/www.europesays.com\/fr\/wp-json\/wp\/v2\/media\/363821"}],"wp:attachment":[{"href":"https:\/\/www.europesays.com\/fr\/wp-json\/wp\/v2\/media?parent=363820"}],"wp:term":[{"taxonomy":"category","embeddable":true,"href":"https:\/\/www.europesays.com\/fr\/wp-json\/wp\/v2\/categories?post=363820"},{"taxonomy":"post_tag","embeddable":true,"href":"https:\/\/www.europesays.com\/fr\/wp-json\/wp\/v2\/tags?post=363820"}],"curies":[{"name":"wp","href":"https:\/\/api.w.org\/{rel}","templated":true}]}}