{"id":363822,"date":"2025-09-03T18:02:09","date_gmt":"2025-09-03T18:02:09","guid":{"rendered":"https:\/\/www.europesays.com\/fr\/363822\/"},"modified":"2025-09-03T18:02:09","modified_gmt":"2025-09-03T18:02:09","slug":"transferts-remise-de-peine-pour-haouas-les-5-infos-rugby-quil-ne-fallait-pas-rater-aujourdhui","status":"publish","type":"post","link":"https:\/\/www.europesays.com\/fr\/363822\/","title":{"rendered":"Transferts, remise de peine pour Haouas&#8230; Les 5 infos rugby qu&rsquo;il ne fallait pas rater aujourd&rsquo;hui"},"content":{"rendered":"<p>            Par<br \/>\n        <strong><br \/>\n            <a href=\"https:\/\/actu.fr\/auteur\/clement-mazella\" title=\"Consulter tous les articles de Cl\u00e9ment Mazella\" target=\"_blank\" rel=\"noopener\">Cl\u00e9ment Mazella<\/a><br \/>\n        <\/strong><\/p>\n<p>        Publi\u00e9 le<\/p>\n<p>            3 sept. 2025 \u00e0 17h52        <\/p>\n<p>Il se passe toujours quelque chose, quelque part, sur la plan\u00e8te rugby. <a href=\"https:\/\/actu.fr\/rugby\/\" target=\"_blank\" rel=\"noopener\">Actu Rugby<\/a> vous \u00e9vite de passer des heures \u00e0 scroller pour \u00eatre au parfum de tout ce qu\u2019il fallait savoir aujourd\u2019hui. Voici les 5 infos \u00e0 retenir en ce mercredi 3 septembre.<\/p>\n<p>Montpellier : remise de peine pour Mohamed Haouas<\/p>\n<p class=\" wall-content\">Selon <a href=\"https:\/\/www.lequipe.fr\/Rugby\/Actualites\/Montpellier-mohamed-haouas-pourra-enlever-son-bracelet-electronique-la-semaine-prochaine\/1590125\" target=\"_blank\" rel=\"noopener\">l\u2019Equipe<\/a>, le pilier international de Montpellier (31 ans, 16 s\u00e9lections) a b\u00e9n\u00e9fici\u00e9 d\u2019une remise de peine de 20 jours, et ne portera plus de bracelet \u00e9lectronique \u00e0 partir du 14 septembre. Il en est \u00e9quip\u00e9 d\u2019un depuis le 3 juillet dernier et sa condamnation \u00e0 trois mois de prison ferme pour conduite en \u00e9tat d\u2019\u00e9bri\u00e9t\u00e9 (des faits remontant \u00e0 d\u00e9cembre 2024).<\/p>\n<p class=\" wall-content\">Ce bracelet \u00e9lectronique ne remettait pas en cause sa participation \u00e0 la r\u00e9ception de Toulon en Top 14 ce samedi. En effet, comme ce fut le cas lors des matchs amicaux, Haouas a pu jouer car, avec l\u2019aval d\u2019un juge, un officier du SPIP (service p\u00e9nitentiaire d\u2019insertion et de probation) lui retirait.<\/p>\n<p>Castres : Mathieu Babillot prolonge<\/p>\n<p class=\" wall-content\">Voil\u00e0 une nouvelle qui va r\u00e9jouir les supporters castrais avant m\u00eame le d\u00e9but du Top 14 : l\u2019embl\u00e9matique capitaine Mathieu Babillot (31 ans ; 5 s\u00e9lections) vient de prolonger son contrat avec le CO jusqu\u2019en 2028. \u00ab\u00a0Le Castres Olympique repr\u00e9sente beaucoup pour moi. Il m\u2019a permis de grandir, de devenir le joueur et l\u2019homme que je suis aujourd\u2019hui\u00a0\u00bb, a r\u00e9agi l\u2019int\u00e9ress\u00e9, qui va d\u00e9buter sa 20e saison au CO.\u00a0<\/p>\n<p class=\" wall-content\">Mardi, <a href=\"https:\/\/actu.fr\/sports\/rugby\/pro\/un-forfait-avec-les-bleus-montpellier-change-de-nom-les-6-infos-rugby-qu-il-ne-fallait-pas-louper-ce-mardi_63105922.html\" target=\"_blank\" rel=\"noopener\">c\u2019\u00e9tait le pilier Levan Chilachava qui prolongeait du c\u00f4t\u00e9 de Castres, et ce jusqu\u2019en 2027<\/a>.<\/p>\n<p>    <a href=\"https:\/\/www.facebook.com\/plugins\/video.php?height=420&amp;href=https%3A%2F%2Fwww.facebook.com%2Freel%2F773839301903137%2F&amp;show_text=false&amp;width=350&amp;t=0\" title=\"Ouvrie le lien\" target=\"_blank\" rel=\"noopener\">Cliquez ici pour visualiser le contenu<\/a><\/p>\n<p>Gregor Townsend prolonge avec l\u2019\u00c9cosse<\/p>\n<p class=\" wall-content\">La F\u00e9d\u00e9ration \u00e9cossaise a officialis\u00e9 ce mercredi la prolongation de Gregor Townsend au poste de s\u00e9lectionneur du XV du Chardon. L\u2019ancien ouvreur, pass\u00e9 par Brive, Castres ou Montpellier, guidera l\u2019\u00c9cosse jusqu\u2019\u00e0 la Coupe du monde 2027 en Australie.<\/p>\n<p class=\" wall-content\">\n<p>Transfert : Axel Muller signe en Nationale<\/p>\n<p class=\" wall-content\">Gros baroudeur, l\u2019ailier argentin Axel Muller, qui a port\u00e9 aussi bien les couleurs de Toulon, Brive, Oyonnax ou encore P\u00e9rigueux, vient de rejoindre Narbonne en Nationale. \u00c2g\u00e9 de 31 ans, il apportera sa grande exp\u00e9rience du haut niveau, lui qui compte plus de 100 matchs de Top 14.<\/p>\n<p>Votre r\u00e9gion, votre actu !<\/p>\n<p>Recevez chaque jour les infos qui comptent pour vous.<\/p>\n<p>\t<a href=\"https:\/\/actu.fr\/newsletter\" class=\"ac-btn ac-btn--corner ac-btn--medium ac-btn--blue800\" target=\"_blank\" rel=\"noopener\">S&rsquo;incrire<\/a><\/p>\n<p>    <a href=\"https:\/\/www.facebook.com\/plugins\/post.php?href=https%3A%2F%2Fwww.facebook.com%2FRCNarbonnais%2Fposts%2Fpfbid0U6PqS58Qt3eWyXTQpjoJ5tLYmEV3LrsNFg4yate5tRCbbL6o7vmi1YLixohhgYKcl&amp;show_text=true&amp;width=350\" title=\"Ouvrie le lien\" target=\"_blank\" rel=\"noopener\">Cliquez ici pour visualiser le contenu<\/a><\/p>\n<p>Bordeaux : Jalibert postule pour la 1\u00e8re journ\u00e9e du Top 14<\/p>\n<p class=\" wall-content\">Enfin une bonne nouvelle pour Bordeaux-B\u00e8gles. Le finaliste du Top 14 en 2024 et 2025 pourra compter sur son ouvreur Matthieu Jalibert pour le premier match de la saison 2025-2026 face \u00e0 La Rochelle. Sud-Ouest mentionne que l\u2019international, op\u00e9r\u00e9 d\u00e9but juillet au niveau d\u2019un tendon rotulien, est apte.<\/p>\n<p class=\" wall-content\">Ce ne sera pas du luxe, car l\u2019UBB d\u00e9plore \u00e0 l\u2019infirmerie les pr\u00e9sences de Moefana, Lucu, Buros, Reti\u00e8re ou Uberti. Tameifuna est quant \u00e0 lui avec sa s\u00e9lection.<\/p>\n<p class=\" wall-content\">Personnalisez votre actualit\u00e9 en ajoutant vos villes et m\u00e9dias en favori avec <a href=\"https:\/\/moncompte.actu.fr\" title=\"D\u00e9couvez Mon Actu\" rel=\"nofollow noopener\" data-trk=\"{&quot;cta&quot;:{&quot;action&quot;:&quot;https:\\\/\\\/moncompte.actu.fr&quot;,&quot;category&quot;:&quot;mon compte&quot;,&quot;from&quot;:&quot;article footer&quot;,&quot;name&quot;:&quot;Mon actu&quot;,&quot;type&quot;:&quot;cta&quot;}}\" target=\"_blank\">Mon Actu<\/a>.<\/p>\n","protected":false},"excerpt":{"rendered":"Par Cl\u00e9ment Mazella Publi\u00e9 le 3 sept. 2025 \u00e0 17h52 Il se passe toujours quelque chose, quelque part,&hellip;\n","protected":false},"author":2,"featured_media":363823,"comment_status":"","ping_status":"","sticky":false,"template":"","format":"standard","meta":{"footnotes":""},"categories":[1416],"tags":[7336,1011,27,49852,3788,479,1468,60,477],"class_list":{"0":"post-363822","1":"post","2":"type-post","3":"status-publish","4":"format-standard","5":"has-post-thumbnail","7":"category-rugby","8":"tag-castres-olympique","9":"tag-fr","10":"tag-france","11":"tag-mohamed-haouas","12":"tag-pro","13":"tag-rugby","14":"tag-rugby-football","15":"tag-sports","16":"tag-transferts-rugby"},"share_on_mastodon":{"url":"https:\/\/pubeurope.com\/@fr\/115141682375025869","error":""},"_links":{"self":[{"href":"https:\/\/www.europesays.com\/fr\/wp-json\/wp\/v2\/posts\/363822","targetHints":{"allow":["GET"]}}],"collection":[{"href":"https:\/\/www.europesays.com\/fr\/wp-json\/wp\/v2\/posts"}],"about":[{"href":"https:\/\/www.europesays.com\/fr\/wp-json\/wp\/v2\/types\/post"}],"author":[{"embeddable":true,"href":"https:\/\/www.europesays.com\/fr\/wp-json\/wp\/v2\/users\/2"}],"replies":[{"embeddable":true,"href":"https:\/\/www.europesays.com\/fr\/wp-json\/wp\/v2\/comments?post=363822"}],"version-history":[{"count":0,"href":"https:\/\/www.europesays.com\/fr\/wp-json\/wp\/v2\/posts\/363822\/revisions"}],"wp:featuredmedia":[{"embeddable":true,"href":"https:\/\/www.europesays.com\/fr\/wp-json\/wp\/v2\/media\/363823"}],"wp:attachment":[{"href":"https:\/\/www.europesays.com\/fr\/wp-json\/wp\/v2\/media?parent=363822"}],"wp:term":[{"taxonomy":"category","embeddable":true,"href":"https:\/\/www.europesays.com\/fr\/wp-json\/wp\/v2\/categories?post=363822"},{"taxonomy":"post_tag","embeddable":true,"href":"https:\/\/www.europesays.com\/fr\/wp-json\/wp\/v2\/tags?post=363822"}],"curies":[{"name":"wp","href":"https:\/\/api.w.org\/{rel}","templated":true}]}}