{"id":363824,"date":"2025-09-03T18:03:10","date_gmt":"2025-09-03T18:03:10","guid":{"rendered":"https:\/\/www.europesays.com\/fr\/363824\/"},"modified":"2025-09-03T18:03:10","modified_gmt":"2025-09-03T18:03:10","slug":"atp-france-la-date-du-retour-darthur-fils-se-precise","status":"publish","type":"post","link":"https:\/\/www.europesays.com\/fr\/363824\/","title":{"rendered":"ATP, France > La date du retour d&rsquo;Arthur Fils se pr\u00e9cise"},"content":{"rendered":"<p>Contraint au forfait \u00e0 l\u2019US Open en raison d\u2019une frac\u00adture de fatigue au dos contract\u00e9e \u00e0 Roland\u2010Garros, Arthur Fils, qui n\u2019a plus jou\u00e9 depuis le 1er ao\u00fbt dernier \u00e0 Toronto, s\u2019est inscrit sur le Masters 1000 de Shanghai, pr\u00e9vu du 1er au 12 octobre.\u00a0<\/p>\n<p>Une nouvelle encou\u00adra\u00adgeante pour le joueur fran\u00ad\u00e7ais \u00e0 qui il reste un mois pour se pr\u00e9parer pour cette \u00e9ch\u00e9ance impor\u00adtante de la fin de saison.\u00a0<\/p>\n<blockquote class=\"twitter-tweet\">\n<p lang=\"fr\" dir=\"ltr\">ARTHUR FILS \ud83c\udde8\ud83c\uddf5 est inscrit pour le Masters 1000 de SHANGHA\u00cf \ud83c\udde8\ud83c\uddf3 .<\/p>\n<p>Il devrait donc effec\u00adtuer son retour \u00e0 la comp\u00e9\u00adti\u00adtion d\u00e9but octobre.<\/p>\n<p>\u00c0 noter qu\u2019il est aussi programm\u00e9 pour jouer ensuite l\u2019ATP 250 de Bruxelles ainsi que l\u2019ATP 500 de B\u00e2le. <a href=\"https:\/\/t.co\/BQzNWToXAf\" data-wpel-link=\"external\" target=\"_blank\" rel=\"nofollow external noopener\">pic.twitter.com\/BQzNWToXAf<\/a><\/p>\n<p>\u2014 \ud83c\udde8\ud83c\uddf5 \ud835\udc00\ud835\udc11\ud835\udc13\ud835\udc07\ud835\udc14\ud835\udc11 \ud835\uddd9\ud835\udddc\ud835\udddf\ud835\udde6 \ud83d\udc51 \ud83c\udd7d\ud83c\udd74\ud83c\udd86\ud83c\udd82 (@arthurfilsfantc) <a href=\"https:\/\/twitter.com\/arthurfilsfantc\/status\/1962906355083194699?ref_src=twsrc%5Etfw\" data-wpel-link=\"external\" target=\"_blank\" rel=\"nofollow external noopener\">September 2,\u00a02025<\/a><\/p><\/blockquote>\n<p>Pour rappel, Arthur Fils a \u00e9t\u00e9 contraint de d\u00e9clarer forfait pour l\u2019ATP 500 de Tokyo (24 au 30 septembre), tournoi dont il est tenant du\u00a0titre.\u00a0<\/p>\n<p class=\"post-published-date\" style=\"color: silver; font-size: 75%; text-align: left;\">Publi\u00e9 le mercredi 3 septembre 2025 \u00e0 18:45<\/p>\n<p><script async src=\"https:\/\/platform.twitter.com\/widgets.js\" charset=\"utf-8\"><\/script><\/p>\n","protected":false},"excerpt":{"rendered":"Contraint au forfait \u00e0 l\u2019US Open en raison d\u2019une frac\u00adture de fatigue au dos contract\u00e9e \u00e0 Roland\u2010Garros, Arthur&hellip;\n","protected":false},"author":2,"featured_media":363825,"comment_status":"","ping_status":"","sticky":false,"template":"","format":"standard","meta":{"footnotes":""},"categories":[1415],"tags":[3768,1011,27,60,1467],"class_list":{"0":"post-363824","1":"post","2":"type-post","3":"status-publish","4":"format-standard","5":"has-post-thumbnail","7":"category-tennis","8":"tag-arthur-fils","9":"tag-fr","10":"tag-france","11":"tag-sports","12":"tag-tennis"},"share_on_mastodon":{"url":"https:\/\/pubeurope.com\/@fr\/115141686256774441","error":""},"_links":{"self":[{"href":"https:\/\/www.europesays.com\/fr\/wp-json\/wp\/v2\/posts\/363824","targetHints":{"allow":["GET"]}}],"collection":[{"href":"https:\/\/www.europesays.com\/fr\/wp-json\/wp\/v2\/posts"}],"about":[{"href":"https:\/\/www.europesays.com\/fr\/wp-json\/wp\/v2\/types\/post"}],"author":[{"embeddable":true,"href":"https:\/\/www.europesays.com\/fr\/wp-json\/wp\/v2\/users\/2"}],"replies":[{"embeddable":true,"href":"https:\/\/www.europesays.com\/fr\/wp-json\/wp\/v2\/comments?post=363824"}],"version-history":[{"count":0,"href":"https:\/\/www.europesays.com\/fr\/wp-json\/wp\/v2\/posts\/363824\/revisions"}],"wp:featuredmedia":[{"embeddable":true,"href":"https:\/\/www.europesays.com\/fr\/wp-json\/wp\/v2\/media\/363825"}],"wp:attachment":[{"href":"https:\/\/www.europesays.com\/fr\/wp-json\/wp\/v2\/media?parent=363824"}],"wp:term":[{"taxonomy":"category","embeddable":true,"href":"https:\/\/www.europesays.com\/fr\/wp-json\/wp\/v2\/categories?post=363824"},{"taxonomy":"post_tag","embeddable":true,"href":"https:\/\/www.europesays.com\/fr\/wp-json\/wp\/v2\/tags?post=363824"}],"curies":[{"name":"wp","href":"https:\/\/api.w.org\/{rel}","templated":true}]}}