{"id":363832,"date":"2025-09-03T18:08:10","date_gmt":"2025-09-03T18:08:10","guid":{"rendered":"https:\/\/www.europesays.com\/fr\/363832\/"},"modified":"2025-09-03T18:08:10","modified_gmt":"2025-09-03T18:08:10","slug":"la-date-de-strasbourg-om-connue","status":"publish","type":"post","link":"https:\/\/www.europesays.com\/fr\/363832\/","title":{"rendered":"La date de Strasbourg-OM connue"},"content":{"rendered":"<p><strong><\/p>\n<p>On conna\u00eet la date de la rencontre entre Strasbourg et l\u2019OM.<\/p>\n<p><\/strong><\/p>\n<p>Ligue 1 + a d\u00e9voil\u00e9 l\u2019heure et la date de la rencontre opposant Strasbourg \u00e0 l\u2019Olympique de Marseille. Ce match comptant pour la 6e journ\u00e9e du championnat <strong>se d\u00e9roulera le vendredi 26 septembre \u00e0 20h45 \u00e0 la Meinau<\/strong>.<\/p>\n<p>Une partie qui pourrait \u00eatre tr\u00e8s importante pour <strong>des Olympiens qui ont d\u00e9j\u00e0 pris du retard en ce d\u00e9but du championnat<\/strong> (1 victoire, 2 d\u00e9faites). De son c\u00f4t\u00e9, le RCSA qui s\u2019est consid\u00e9rablement renforc\u00e9 \u00e0 l\u2019intersaison, club le plus d\u00e9pensier de Ligue 1 et qui fait jaser, <strong>pointe actuellement \u00e0 la sixi\u00e8me place du classement<\/strong>.<\/p>\n<p>Les Alsaciens ont parfaitement d\u00e9marr\u00e9 l\u2019exercice en s\u2019imposant \u00e0 Metz et contre Nantes, mais ont perdu \u00e0 Monaco \u00e0 dix contre onze (3-2).<\/p>\n","protected":false},"excerpt":{"rendered":"On conna\u00eet la date de la rencontre entre Strasbourg et l\u2019OM. Ligue 1 + a d\u00e9voil\u00e9 l\u2019heure et&hellip;\n","protected":false},"author":2,"featured_media":363833,"comment_status":"","ping_status":"","sticky":false,"template":"","format":"standard","meta":{"footnotes":""},"categories":[1410],"tags":[63,1011,27,60],"class_list":{"0":"post-363832","1":"post","2":"type-post","3":"status-publish","4":"format-standard","5":"has-post-thumbnail","7":"category-football","8":"tag-football","9":"tag-fr","10":"tag-france","11":"tag-sports"},"share_on_mastodon":{"url":"https:\/\/pubeurope.com\/@fr\/115141706028711661","error":""},"_links":{"self":[{"href":"https:\/\/www.europesays.com\/fr\/wp-json\/wp\/v2\/posts\/363832","targetHints":{"allow":["GET"]}}],"collection":[{"href":"https:\/\/www.europesays.com\/fr\/wp-json\/wp\/v2\/posts"}],"about":[{"href":"https:\/\/www.europesays.com\/fr\/wp-json\/wp\/v2\/types\/post"}],"author":[{"embeddable":true,"href":"https:\/\/www.europesays.com\/fr\/wp-json\/wp\/v2\/users\/2"}],"replies":[{"embeddable":true,"href":"https:\/\/www.europesays.com\/fr\/wp-json\/wp\/v2\/comments?post=363832"}],"version-history":[{"count":0,"href":"https:\/\/www.europesays.com\/fr\/wp-json\/wp\/v2\/posts\/363832\/revisions"}],"wp:featuredmedia":[{"embeddable":true,"href":"https:\/\/www.europesays.com\/fr\/wp-json\/wp\/v2\/media\/363833"}],"wp:attachment":[{"href":"https:\/\/www.europesays.com\/fr\/wp-json\/wp\/v2\/media?parent=363832"}],"wp:term":[{"taxonomy":"category","embeddable":true,"href":"https:\/\/www.europesays.com\/fr\/wp-json\/wp\/v2\/categories?post=363832"},{"taxonomy":"post_tag","embeddable":true,"href":"https:\/\/www.europesays.com\/fr\/wp-json\/wp\/v2\/tags?post=363832"}],"curies":[{"name":"wp","href":"https:\/\/api.w.org\/{rel}","templated":true}]}}