{"id":363836,"date":"2025-09-03T18:10:17","date_gmt":"2025-09-03T18:10:17","guid":{"rendered":"https:\/\/www.europesays.com\/fr\/363836\/"},"modified":"2025-09-03T18:10:17","modified_gmt":"2025-09-03T18:10:17","slug":"lartotheque-de-morlaix-emprunter-des-oeuvres-dart-comme-on-emprunte-des-livres","status":"publish","type":"post","link":"https:\/\/www.europesays.com\/fr\/363836\/","title":{"rendered":"L&rsquo;artoth\u00e8que de Morlaix\u00a0: emprunter des \u0153uvres d\u2019art comme on emprunte des livres"},"content":{"rendered":"<p>L\u2019artoth\u00e8que Les Moyens du Bord\u00a0: pr\u00eats d\u2019\u0153uvres d\u2019art pour une dur\u00e9e limit\u00e9e<\/p>\n<p class=\"PopSlotParagraph qg-tx2 qg-xtra-lh svelte-1r0pyek\">Emprunter une estampe ou une photographie exactement comme on emprunterait un livre \u00e0 la biblioth\u00e8que\u00a0: c\u2019est possible, un peu partout en France, gr\u00e2ce aux artoth\u00e8ques. Leur mission est de d\u00e9mocratisation de l\u2019art contemporain.\u00a0<a href=\"https:\/\/adra-artotheques.com\/adra\/\" target=\"_blank\" rel=\"noopener noreferrer nofollow\" class=\"\" data-testid=\"link\">Une association, l&rsquo;Adra<\/a>, f\u00e9d\u00e8re la plupart des artoth\u00e8ques fran\u00e7aises.<\/p>\n<p class=\"PopSlotParagraph qg-tx2 qg-xtra-lh svelte-1r0pyek\">Dans le Finist\u00e8re, il y a par exemple une artoth\u00e8que \u00e0 Morlaix et une \u00e0 Brest.<\/p>\n<p class=\"PopSlotParagraph qg-tx2 qg-xtra-lh svelte-1r0pyek\"><strong>Elaine Le Floch<\/strong>, directrice de\u00a0<a href=\"https:\/\/lesmoyensdubord.fr\/artotheque-2\/\" target=\"_blank\" rel=\"noopener noreferrer nofollow\" class=\"\" data-testid=\"link\">l\u2019artoth\u00e8que de Morlaix, port\u00e9e par l&rsquo;association Les Moyens du Bord,<\/a> est notre invit\u00e9e.<\/p>\n<p> Les br\u00e8ves des Carnets<\/p>\n<p class=\"PopSlotParagraph qg-tx2 qg-xtra-lh svelte-1r0pyek\">\u25ba\u25ba Faites-nous parvenir vos\u202fbonnes id\u00e9es et initiatives locales\u202fen nous\u00a0<a href=\"https:\/\/www.radiofrance.fr\/franceinter\/contact\/formulaire?concept=a6e973b0-eb93-11e1-a7b7-782bcb76618d\" class=\"\" data-testid=\"link\" rel=\"nofollow noopener\" target=\"_blank\">\u00e9crivant ici<\/a>\u00a0!<\/p>\n","protected":false},"excerpt":{"rendered":"L\u2019artoth\u00e8que Les Moyens du Bord\u00a0: pr\u00eats d\u2019\u0153uvres d\u2019art pour une dur\u00e9e limit\u00e9e Emprunter une estampe ou une photographie&hellip;\n","protected":false},"author":2,"featured_media":363837,"comment_status":"","ping_status":"","sticky":false,"template":"","format":"standard","meta":{"footnotes":""},"categories":[1358],"tags":[1348,1384,1385,1386,58,59,1011,27],"class_list":{"0":"post-363836","1":"post","2":"type-post","3":"status-publish","4":"format-standard","5":"has-post-thumbnail","7":"category-arts-et-design","8":"tag-arts","9":"tag-arts-and-design","10":"tag-arts-et-design","11":"tag-design","12":"tag-divertissement","13":"tag-entertainment","14":"tag-fr","15":"tag-france"},"share_on_mastodon":{"url":"https:\/\/pubeurope.com\/@fr\/115141713818331283","error":""},"_links":{"self":[{"href":"https:\/\/www.europesays.com\/fr\/wp-json\/wp\/v2\/posts\/363836","targetHints":{"allow":["GET"]}}],"collection":[{"href":"https:\/\/www.europesays.com\/fr\/wp-json\/wp\/v2\/posts"}],"about":[{"href":"https:\/\/www.europesays.com\/fr\/wp-json\/wp\/v2\/types\/post"}],"author":[{"embeddable":true,"href":"https:\/\/www.europesays.com\/fr\/wp-json\/wp\/v2\/users\/2"}],"replies":[{"embeddable":true,"href":"https:\/\/www.europesays.com\/fr\/wp-json\/wp\/v2\/comments?post=363836"}],"version-history":[{"count":0,"href":"https:\/\/www.europesays.com\/fr\/wp-json\/wp\/v2\/posts\/363836\/revisions"}],"wp:featuredmedia":[{"embeddable":true,"href":"https:\/\/www.europesays.com\/fr\/wp-json\/wp\/v2\/media\/363837"}],"wp:attachment":[{"href":"https:\/\/www.europesays.com\/fr\/wp-json\/wp\/v2\/media?parent=363836"}],"wp:term":[{"taxonomy":"category","embeddable":true,"href":"https:\/\/www.europesays.com\/fr\/wp-json\/wp\/v2\/categories?post=363836"},{"taxonomy":"post_tag","embeddable":true,"href":"https:\/\/www.europesays.com\/fr\/wp-json\/wp\/v2\/tags?post=363836"}],"curies":[{"name":"wp","href":"https:\/\/api.w.org\/{rel}","templated":true}]}}