{"id":363842,"date":"2025-09-03T18:13:12","date_gmt":"2025-09-03T18:13:12","guid":{"rendered":"https:\/\/www.europesays.com\/fr\/363842\/"},"modified":"2025-09-03T18:13:12","modified_gmt":"2025-09-03T18:13:12","slug":"radiohead-va-remonter-sur-scene-apres-7-ans-dabsence-mais-ne-passera-pas-par-la-france","status":"publish","type":"post","link":"https:\/\/www.europesays.com\/fr\/363842\/","title":{"rendered":"Radiohead va remonter sur sc\u00e8ne apr\u00e8s 7\u00a0ans d\u2019absence, mais ne passera pas par la France"},"content":{"rendered":"<p>        <img decoding=\"async\" loading=\"lazy\" src=\"https:\/\/www.europesays.com\/fr\/wp-content\/uploads\/2025\/09\/b365ee5_upload-1-teubnzssj06g-afp-20170707-qe8kv-v1-highres-britainmusicfestivalradiohead.jpg\"  width=\"728\" height=\"410\" alt=\"Radiohead, ici en juillet 2017, en tant que t\u00eate d\u2019affiche du festival de musique TRNSMT \u00e0 Glasgow.\"\/>  <\/p>\n<p>ANDY BUCHANAN \/ AFP<\/p>\n<p>Radiohead, ici en juillet 2017, en tant que t\u00eate d\u2019affiche du festival de musique TRNSMT \u00e0 Glasgow.<\/p>\n<p class=\"asset asset-text\">MUSIQUE &#8211; Fausse joie dans l\u2019Hexagone. Pour son retour sur sc\u00e8ne depuis sept longues ann\u00e9es, <a href=\"https:\/\/www.huffingtonpost.fr\/culture\/article\/radiohead-diffuse-18-heures-d-enregistrements-pour-contrer-un-hacker_146384.html\" target=\"_blank\" rel=\"noopener\">le groupe britannique Radiohead<\/a> a annonc\u00e9 une <a href=\"https:\/\/www.huffingtonpost.fr\/culture\/video\/will-smith-est-accuse-d-avoir-utilise-l-intelligence-artificielle-pour-promouvoir-ses-concerts_254258.html\" target=\"_blank\" rel=\"noopener\">s\u00e9rie de concerts<\/a> \u00e0 travers l\u2019Europe en fin d\u2019ann\u00e9e. Seul hic, les fans fran\u00e7ais du groupe ne pourront profiter des tubes Creep, Karma Police et No Surprises.<\/p>\n<p class=\"asset asset-text\">Espagne, Italie, Angleterre, Allemagne et m\u00eame Danemark\u2026 La mini-tourn\u00e9e europ\u00e9enne de Radiohead zappera donc la France pour ses prochaines pr\u00e9vues pr\u00e9vus en novembre et d\u00e9cembre\u00a02025. Ils donneront \u00e0 cette occasion leurs premiers concerts depuis 2018.<\/p>\n<p class=\"asset asset-text\">Ce mercredi 3\u00a0septembre, le groupe explique dans une publication Instagram mettant fin au suspens \u2212 apr\u00e8s l\u2019apparition de myst\u00e9rieuses affiches dans plusieurs villes d\u2019Europe \u2212 qu\u2019ils se sont \u00ab\u00a0retrouv\u00e9s pour r\u00e9p\u00e9ter, juste pour le plaisir\u00a0\u00bb l\u2019ann\u00e9e derni\u00e8re.<\/p>\n<p class=\"asset asset-text\">\u00ab\u00a0Apr\u00e8s sept ans d\u2019absence, \u00e7a faisait vraiment du bien de rejouer les chansons et de renouer avec une identit\u00e9 musicale ancr\u00e9e au plus profond de nous cinq. \u00c7a nous a aussi donn\u00e9 envie de faire quelques concerts ensemble, alors on esp\u00e8re que vous pourrez venir \u00e0 l\u2019une des prochaines dates\u00a0\u00bb, \u00e9crit le batteur Phil Selway en description de la publication.<\/p>\n<p> La lecture de ce contenu est susceptible d\u2019entra\u00eener un d\u00e9p\u00f4t de cookies de la part de l\u2019op\u00e9rateur tiers qui l\u2019h\u00e9berge. Compte-tenu des choix que vous avez exprim\u00e9s en mati\u00e8re de d\u00e9p\u00f4t de cookies, nous avons bloqu\u00e9 l\u2019affichage de ce contenu. Si vous souhaitez y acc\u00e9der, vous devez accepter la cat\u00e9gorie de cookies \u201cContenus tiers\u201d en cliquant sur le bouton ci-dessous. <\/p>\n<p> Lire la Vid\u00e9o        Un petit espoir pour 2026\u00a0?    <\/p>\n<p class=\"asset asset-text\">Pour les amateurs du groupe d\u2019Abingdon, il faudra sans doute passer par la case voyage \u00e0 l\u2019\u00e9tranger pour esp\u00e9rer voir Thom Yorke et le reste de la bande sur sc\u00e8ne. Les premiers concerts auront lieu dans la capitale espagnole les 4, 5, 7\u00a0et 8\u00a0novembre. Avant Bologne, en Italie, les 14, 15, 17\u00a0et 18\u00a0novembre. Le groupe s\u2019arr\u00eatera ensuite \u00e0 Londres pour quatre nouvelles dates les 21, 22, 24\u00a0et 25\u00a0novembre.<\/p>\n<p class=\"asset asset-text\">Le mois suivant, Radiohead passera par Copenhague les 1, 2, 4\u00a0et 5\u00a0d\u00e9cembre avant une ultime s\u00e9rie de concerts \u00e0 Berlin les 8, 9, 11\u00a0et 12\u00a0d\u00e9cembre. Les places seront disponibles uniquement sur inscription sur le site radiohead.com. Et pour tenter de d\u00e9crocher un pr\u00e9cieux s\u00e9same, il faudra passer par les inscriptions sur ce site officiel, ouvertes le vendredi 5\u00a0septembre \u00e0 partir de 11\u00a0heures jusqu\u2019au dimanche 7\u00a0septembre \u00e0 23\u00a0heures.<\/p>\n<p class=\"asset asset-text\">Mais un espoir subsiste quand m\u00eame pour leurs fans fran\u00e7ais\u00a0gr\u00e2ce \u00e0 une petite phrase gliss\u00e9e \u00e0 la toute fin du message du groupe, qui laisse entendre que d\u2019autres concerts pourraient avoir lieu \u00e0 l\u2019avenir\u00a0: \u00ab\u00a0Pour l\u2019instant, on se contentera de ces concerts, mais qui sait o\u00f9 tout \u00e7a nous m\u00e8nera\u00a0?\u00a0\u00bb. Reste \u00e0 savoir quand, mais surtout o\u00f9\u2026<\/p>\n","protected":false},"excerpt":{"rendered":"ANDY BUCHANAN \/ AFP Radiohead, ici en juillet 2017, en tant que t\u00eate d\u2019affiche du festival de musique&hellip;\n","protected":false},"author":2,"featured_media":363843,"comment_status":"","ping_status":"","sticky":false,"template":"","format":"standard","meta":{"footnotes":""},"categories":[1355],"tags":[1697,251,58,59,1011,27,1361,873,45813],"class_list":{"0":"post-363842","1":"post","2":"type-post","3":"status-publish","4":"format-standard","5":"has-post-thumbnail","7":"category-musique","8":"tag-concert","9":"tag-culture","10":"tag-divertissement","11":"tag-entertainment","12":"tag-fr","13":"tag-france","14":"tag-music","15":"tag-musique","16":"tag-radiohead"},"share_on_mastodon":{"url":"https:\/\/pubeurope.com\/@fr\/115141726344217773","error":""},"_links":{"self":[{"href":"https:\/\/www.europesays.com\/fr\/wp-json\/wp\/v2\/posts\/363842","targetHints":{"allow":["GET"]}}],"collection":[{"href":"https:\/\/www.europesays.com\/fr\/wp-json\/wp\/v2\/posts"}],"about":[{"href":"https:\/\/www.europesays.com\/fr\/wp-json\/wp\/v2\/types\/post"}],"author":[{"embeddable":true,"href":"https:\/\/www.europesays.com\/fr\/wp-json\/wp\/v2\/users\/2"}],"replies":[{"embeddable":true,"href":"https:\/\/www.europesays.com\/fr\/wp-json\/wp\/v2\/comments?post=363842"}],"version-history":[{"count":0,"href":"https:\/\/www.europesays.com\/fr\/wp-json\/wp\/v2\/posts\/363842\/revisions"}],"wp:featuredmedia":[{"embeddable":true,"href":"https:\/\/www.europesays.com\/fr\/wp-json\/wp\/v2\/media\/363843"}],"wp:attachment":[{"href":"https:\/\/www.europesays.com\/fr\/wp-json\/wp\/v2\/media?parent=363842"}],"wp:term":[{"taxonomy":"category","embeddable":true,"href":"https:\/\/www.europesays.com\/fr\/wp-json\/wp\/v2\/categories?post=363842"},{"taxonomy":"post_tag","embeddable":true,"href":"https:\/\/www.europesays.com\/fr\/wp-json\/wp\/v2\/tags?post=363842"}],"curies":[{"name":"wp","href":"https:\/\/api.w.org\/{rel}","templated":true}]}}