{"id":363846,"date":"2025-09-03T18:15:15","date_gmt":"2025-09-03T18:15:15","guid":{"rendered":"https:\/\/www.europesays.com\/fr\/363846\/"},"modified":"2025-09-03T18:15:15","modified_gmt":"2025-09-03T18:15:15","slug":"schizophrenie-les-anticorps-de-lama-ouvrent-une-nouvelle-voie-therapeutique","status":"publish","type":"post","link":"https:\/\/www.europesays.com\/fr\/363846\/","title":{"rendered":"Schizophr\u00e9nie\u00a0: les anticorps de lama ouvrent une nouvelle voie th\u00e9rapeutique"},"content":{"rendered":"<p class=\"PopSlotParagraph qg-tx2 qg-xtra-lh svelte-1r0pyek\">La schizophr\u00e9nie est une pathologie complexe qui souffre de clich\u00e9s v\u00e9hicul\u00e9s notamment par le cin\u00e9ma. Il n&rsquo;y a pas de d\u00e9doublement de la personnalit\u00e9, mais\u00a0 trois grands types de sympt\u00f4mes\u00a0: les hallucinations et d\u00e9lires dits \u00ab\u00a0positifs\u00a0\u00bb, le retrait social ou \u00e9motionnel appel\u00e9 sympt\u00f4mes n\u00e9gatifs, et les troubles cognitifs, souvent n\u00e9glig\u00e9s, mais tr\u00e8s handicapants. Les antipsychotiques de deuxi\u00e8me g\u00e9n\u00e9ration, traitements de r\u00e9f\u00e9rence, agissent sur les deux premiers, mais pas sur la cognition. Ils provoquent aussi des effets secondaires et certains patients y sont r\u00e9sistants. L\u2019immunoth\u00e9rapie, en plein essor ailleurs en m\u00e9decine, est prometteuse, car tr\u00e8s cibl\u00e9e, seulement, elle se heurte \u00e0 des remparts naturels qui prot\u00e8gent le cerveau.<\/p>\n<p> Un cerveau sous haute protection<\/p>\n<p class=\"PopSlotParagraph qg-tx2 qg-xtra-lh svelte-1r0pyek\">Pour passer ces barri\u00e8res, des scientifiques montpelli\u00e9rains ont utilis\u00e9 des anticorps de lama, bien plus petits que les anticorps humains. Inject\u00e9s chez des souris mod\u00e8les de schizophr\u00e9nie, ces nanocorps p\u00e9n\u00e8trent dans le cerveau et corrigent les sympt\u00f4mes, y compris cognitifs. Une seule injection suffit pour obtenir un effet durable, qui se maintient pendant au moins une semaine. C\u2019est la premi\u00e8re preuve que ces anticorps atteignent et agissent dans le cerveau. Cette \u00e9tude parue dans\u00a0<a href=\"https:\/\/www.nature.com\/articles\/s41586-025-09265-8\" target=\"_blank\" rel=\"noopener noreferrer nofollow\" class=\"\" data-testid=\"link\">Nature<\/a>\u00a0ouvre une nouvelle piste pour les maladies psychiatriques, mais aussi pour les pathologies neurod\u00e9g\u00e9n\u00e9ratives comme Alzheimer ou Parkinson, m\u00eame si les essais cliniques restent encore lointains. Explications avec Julie Kniazeff, charg\u00e9e de recherche CNRS \u00e0 l&rsquo;Institut des Biomol\u00e9cules Max Mousseron. Elle est co-autrice de ces travaux, r\u00e9alis\u00e9s \u00e0 l\u2019Institut de G\u00e9nomique Fonctionnelle de Montpellier.<\/p>\n","protected":false},"excerpt":{"rendered":"La schizophr\u00e9nie est une pathologie complexe qui souffre de clich\u00e9s v\u00e9hicul\u00e9s notamment par le cin\u00e9ma. Il n&rsquo;y a&hellip;\n","protected":false},"author":2,"featured_media":363847,"comment_status":"","ping_status":"","sticky":false,"template":"","format":"standard","meta":{"footnotes":""},"categories":[10],"tags":[1011,27,72,71],"class_list":{"0":"post-363846","1":"post","2":"type-post","3":"status-publish","4":"format-standard","5":"has-post-thumbnail","7":"category-sante","8":"tag-fr","9":"tag-france","10":"tag-health","11":"tag-sante"},"share_on_mastodon":{"url":"https:\/\/pubeurope.com\/@fr\/115141733507583761","error":""},"_links":{"self":[{"href":"https:\/\/www.europesays.com\/fr\/wp-json\/wp\/v2\/posts\/363846","targetHints":{"allow":["GET"]}}],"collection":[{"href":"https:\/\/www.europesays.com\/fr\/wp-json\/wp\/v2\/posts"}],"about":[{"href":"https:\/\/www.europesays.com\/fr\/wp-json\/wp\/v2\/types\/post"}],"author":[{"embeddable":true,"href":"https:\/\/www.europesays.com\/fr\/wp-json\/wp\/v2\/users\/2"}],"replies":[{"embeddable":true,"href":"https:\/\/www.europesays.com\/fr\/wp-json\/wp\/v2\/comments?post=363846"}],"version-history":[{"count":0,"href":"https:\/\/www.europesays.com\/fr\/wp-json\/wp\/v2\/posts\/363846\/revisions"}],"wp:featuredmedia":[{"embeddable":true,"href":"https:\/\/www.europesays.com\/fr\/wp-json\/wp\/v2\/media\/363847"}],"wp:attachment":[{"href":"https:\/\/www.europesays.com\/fr\/wp-json\/wp\/v2\/media?parent=363846"}],"wp:term":[{"taxonomy":"category","embeddable":true,"href":"https:\/\/www.europesays.com\/fr\/wp-json\/wp\/v2\/categories?post=363846"},{"taxonomy":"post_tag","embeddable":true,"href":"https:\/\/www.europesays.com\/fr\/wp-json\/wp\/v2\/tags?post=363846"}],"curies":[{"name":"wp","href":"https:\/\/api.w.org\/{rel}","templated":true}]}}