{"id":363853,"date":"2025-09-03T18:19:11","date_gmt":"2025-09-03T18:19:11","guid":{"rendered":"https:\/\/www.europesays.com\/fr\/363853\/"},"modified":"2025-09-03T18:19:11","modified_gmt":"2025-09-03T18:19:11","slug":"greves-dans-les-transports-les-10-et-18-septembre-que-prevoient-les-syndicats","status":"publish","type":"post","link":"https:\/\/www.europesays.com\/fr\/363853\/","title":{"rendered":"Gr\u00e8ves dans les transports les\u00a010 et 18\u00a0septembre\u00a0: que pr\u00e9voient les syndicats\u00a0?"},"content":{"rendered":"<p>                          <img loading=\"lazy\" decoding=\"async\" src=\"https:\/\/www.europesays.com\/fr\/wp-content\/uploads\/2025\/09\/a7ce438_ftp-import-images-1-y6xansxx82ii-2025-09-03t153011z-2108225938-rc28kgafm8my-rtrmadp-3-france.jpeg\" alt=\"Un graffiti sur lequel on peut lire \u00ab\u00a0On bloque tout\u00a0\u00bb, en r\u00e9f\u00e9rence au mouvement de protestation en ligne Bloquons tout, \u00e0 Saint-S\u00e9bastien-sur-Loire (Loire-Atlantique), le 3\u00a0septembre 2025. \"   width=\"664\" height=\"443\"\/>    Un graffiti sur lequel on peut lire \u00ab\u00a0On bloque tout\u00a0\u00bb, en r\u00e9f\u00e9rence au mouvement de protestation en ligne Bloquons tout, \u00e0 Saint-S\u00e9bastien-sur-Loire (Loire-Atlantique), le 3\u00a0septembre 2025.  STEPHANE MAHE \/ REUTERS                            <\/p>\n<p class=\"article__paragraph  \">Les deux journ\u00e9es de mobilisation annonc\u00e9es contre les projets d\u2019\u00e9conomies budg\u00e9taires du gouvernement approchent\u00a0: le 10\u00a0septembre par un mouvement lanc\u00e9 sur les r\u00e9seaux sociaux, et le 18\u00a0septembre par l\u2019intersyndicale. Les diff\u00e9rents syndicats ont exprim\u00e9 leurs positions, que l\u2019Agence France-Presse (AFP) a recens\u00e9es.<\/p>\n<p class=\"article__paragraph  \">Le SNCTA, syndicat majoritaire chez les contr\u00f4leurs a\u00e9riens fran\u00e7ais, les appelle \u00e0 faire gr\u00e8ve le jeudi 18\u00a0septembre. Il demande un \u00ab\u00a0rattrapage int\u00e9gral de l\u2019inflation\u00a0\u00bb en mati\u00e8re salariale, mais aussi une \u00e9volution de la gouvernance de la profession.<\/p>\n<p>                                         Lire aussi |  Article r\u00e9serv\u00e9 \u00e0 nos abonn\u00e9s  <a href=\"https:\/\/www.lemonde.fr\/economie\/article\/2025\/09\/03\/blocages-du-10-septembre-pourquoi-une-greve-massive-est-incertaine-malgre-une-profonde-colere_6638502_3234.html\" class=\"js-article-read-also catcher--favoris__link\" data-premium=\"1\" id=\"article-title-3436264\" rel=\"nofollow noopener\" target=\"_blank\">Mouvement du 10 septembre\u00a0: pourquoi une gr\u00e8ve massive est incertaine, malgr\u00e9 une profonde col\u00e8re<\/a>    <\/p>\n<p>   Lire plus tard  <\/p>\n<p class=\"article__paragraph  \">Le ministre des transports, Philippe Tabarot, a pour sa part r\u00e9agi \u00e0 cet appel en affirmant qu\u2019il ne c\u00e9derait pas. Le SNCTA a regrett\u00e9, mardi 2\u00a0septembre, qu\u2019aucune r\u00e9union de conciliation, pourtant pr\u00e9vue par la loi, n\u2019ait jusqu\u2019ici \u00e9t\u00e9 programm\u00e9e. Le syndicat s\u2019est dit pr\u00eat \u00e0 \u00ab\u00a0la reprise d\u2019un dialogue social constructif\u00a0\u00bb.<\/p>\n<p class=\"article__paragraph  \">De son c\u00f4t\u00e9, SUD-A\u00e9rien appelle \u00e0 la gr\u00e8ve et au blocage des a\u00e9roports le 10\u00a0septembre, en rejoignant le mouvement national contre l\u2019aust\u00e9rit\u00e9.<\/p>\n<p class=\"article__paragraph  \">Le Syndicat national des pilotes de ligne (SNPL), premi\u00e8re organisation de la profession, a en revanche d\u00e9clar\u00e9, mercredi 3\u00a0septembre \u00e0 l\u2019AFP, qu\u2019il n\u2019appellerait \u00e0 la gr\u00e8ve ni le 10 ni le 18\u00a0septembre.<\/p>\n<p>                                         Lire aussi |  Article r\u00e9serv\u00e9 \u00e0 nos abonn\u00e9s  <a href=\"https:\/\/www.lemonde.fr\/politique\/article\/2025\/08\/19\/bloquons-tout-comment-la-france-insoumise-prend-fait-et-cause-pour-le-mouvement-du-10-septembre_6631779_823448.html\" class=\"js-article-read-also catcher--favoris__link\" data-premium=\"1\" id=\"article-title-3434687\" rel=\"nofollow noopener\" target=\"_blank\">Bloquons tout\u00a0: comment LFI prend fait et cause pour le mouvement du 10\u00a0septembre<\/a>    <\/p>\n<p>   Lire plus tard  <\/p>\n<p class=\"article__paragraph  \">Chez Air France, FO, premier syndicat du groupe, a appel\u00e9, mardi, ses adh\u00e9rents \u00e0 rejoindre le mouvement du 18\u00a0septembre pour \u00ab\u00a0combattre l\u2019aust\u00e9rit\u00e9\u00a0\u00bb et a d\u00e9pos\u00e9 \u00ab\u00a0un pr\u00e9avis de gr\u00e8ve d\u2019une \u00e0 vingt-quatre heures\u00a0\u00bb pour ce jour-l\u00e0.<\/p>\n<p class=\"article__paragraph  \">La CFDT du groupe Air France, deuxi\u00e8me organisation repr\u00e9sentative, est sur la m\u00eame ligne, appelant \u00ab\u00a0\u00e0 la gr\u00e8ve sur une journ\u00e9e le 18 [septembre]\u00a0\u00bb, a expliqu\u00e9, mercredi, son secr\u00e9taire g\u00e9n\u00e9ral, Christophe Dewatine, les personnels \u00e9tant selon lui particuli\u00e8rement oppos\u00e9s \u00e0 la suppression de jours f\u00e9ri\u00e9s, souvent travaill\u00e9s dans l\u2019a\u00e9rien, et donc synonymes de majoration de la r\u00e9mun\u00e9ration.<\/p>\n<p> Le Monde Guides d\u2019achat  <\/p>\n<p> <a href=\"https:\/\/www.lemonde.fr\/guides-d-achat\/article\/2022\/06\/15\/les-meilleures-gourdes-pour-remplacer-les-bouteilles-jetables_6130466_5306571.html\" class=\"inread__link js-services-inread-link\" target=\"_blank\" rel=\"nofollow noopener\">  <\/p>\n<p>Gourdes r\u00e9utilisables<\/p>\n<p>Les meilleures gourdes pour remplacer les bouteilles jetables<\/p>\n<p>Lire<\/p>\n<p> <\/a>      <\/p>\n<p> Newsletter  <\/p>\n<p> <a href=\"https:\/\/www.lemonde.fr\/newsletters\/a-la-une\/\" class=\"inread__link js-services-inread-link\" target=\"_blank\" rel=\"nofollow noopener\">  <\/p>\n<p>\u00ab A la une \u00bb<\/p>\n<p>Chaque matin, parcourez l&rsquo;essentiel de l&rsquo;actualit\u00e9 du jour avec les derniers titres du \u00ab Monde \u00bb<\/p>\n<p>S&rsquo;inscrire<\/p>\n<p> <\/a>      <\/p>\n<p> Newsletter  <\/p>\n<p> <a href=\"https:\/\/www.lemonde.fr\/newsletters\/la-revue-du-monde\/\" class=\"inread__link js-services-inread-link\" target=\"_blank\" rel=\"nofollow noopener\">  <\/p>\n<p>\u00ab La revue du Monde \u00bb<\/p>\n<p>Chaque week-end, la r\u00e9daction s\u00e9lectionne les articles de la semaine qu\u2019il ne fallait pas manquer<\/p>\n<p>S&rsquo;inscrire<\/p>\n<p> <\/a>          <\/p>\n<p> Le Monde Jeux   <\/p>\n<p> <a href=\"https:\/\/jeux.lemonde.fr\/?inread\" class=\"inread__link js-services-inread-link\" target=\"_blank\" rel=\"nofollow noopener\">  <\/p>\n<p>Chaque jour de nouvelles grilles de mots crois\u00e9s, Sudoku et mots trouv\u00e9s.<\/p>\n<p>Jouer<\/p>\n<p> <\/a>      <\/p>\n<p> Newsletter abonn\u00e9s  <\/p>\n<p> <a href=\"https:\/\/www.lemonde.fr\/newsletters\/la-lettre-eco\/\" class=\"inread__link js-services-inread-link\" target=\"_blank\" rel=\"nofollow noopener\">  <\/p>\n<p>\u00ab La lettre \u00e9co \u00bb<\/p>\n<p>Le regard du \u00ab Monde \u00bb sur l\u2019actualit\u00e9 \u00e9conomique du jour<\/p>\n<p>S&rsquo;inscrire<\/p>\n<p> <\/a>          <\/p>\n<p> Newsletter abonn\u00e9s  <\/p>\n<p> <a href=\"https:\/\/www.lemonde.fr\/newsletters\/la-lettre-des-idees\/\" class=\"inread__link js-services-inread-link\" target=\"_blank\" rel=\"nofollow noopener\">  <\/p>\n<p>\u00ab La lettre des id\u00e9es \u00bb<\/p>\n<p>Votre rendez-vous avec la vie intellectuelle<\/p>\n<p>S&rsquo;inscrire<\/p>\n<p> <\/a>      <\/p>\n<p> Newsletter abonn\u00e9s  <\/p>\n<p> <a href=\"https:\/\/www.lemonde.fr\/newsletters\/la-lettre-eco\/\" class=\"inread__link js-services-inread-link\" target=\"_blank\" rel=\"nofollow noopener\">  <\/p>\n<p>\u00ab La lettre \u00e9co \u00bb<\/p>\n<p>Le regard du \u00ab Monde \u00bb sur l\u2019actualit\u00e9 \u00e9conomique du jour<\/p>\n<p>S&rsquo;inscrire<\/p>\n<p> <\/a>             <\/p>\n<p class=\"article__paragraph  \"><a href=\"https:\/\/www.lemonde.fr\/politique\/article\/2025\/09\/01\/la-cgt-appelle-la-fonction-publique-a-la-greve-les-10-et-18-septembre_6638031_823448.html\" rel=\"nofollow noopener\" target=\"_blank\">La CGT Air France pr\u00e9voit pour sa part un appel \u00e0 la gr\u00e8ve les 10 et 18\u00a0septembre.<\/a><\/p>\n<p>                      Mobilisation dans le secteur ferroviaire et \u00e0 la RATP                      <\/p>\n<p class=\"article__paragraph  \">La CGT-Cheminots, premier syndicat de la SNCF, a appel\u00e9 \u00e0 \u00ab\u00a0participer massivement\u00a0\u00bb \u00e0 la gr\u00e8ve le 10\u00a0septembre, dans un communiqu\u00e9 publi\u00e9 sur sa page Facebook. Quant \u00e0 la date du 18\u00a0septembre, le syndicat n\u2019a pas fait conna\u00eetre sa position pour le moment.<\/p>\n<p class=\"article__paragraph  \">L\u2019UNSA-Ferroviaire a dit, mardi, \u00ab\u00a0s\u2019associer avec l\u2019ensemble des forces syndicales interprofessionnelles\u00a0\u00bb et appelle \u00ab\u00a0\u00e0 la gr\u00e8ve l\u2019ensemble des cheminots le 18\u00a0septembre prochain pour exprimer leur m\u00e9contentement\u00a0\u00bb.<\/p>\n<p class=\"article__paragraph  \">SUD-Rail avait \u00e9t\u00e9 le premier syndicat majeur de la SNCF \u00e0 appeler faire gr\u00e8ve le 10\u00a0septembre, dans un communiqu\u00e9 publi\u00e9 le 21\u00a0ao\u00fbt. La CFDT-Cheminots a, elle, d\u00e9clar\u00e9 \u00e0 l\u2019AFP \u00ab\u00a0s\u2019inscrire dans l\u2019appel \u00e0 la mobilisation du 18\u00a0septembre\u00a0\u00bb, sans appeler clairement, ou non, \u00e0 la gr\u00e8ve.<\/p>\n<p class=\"article__paragraph  \">Les quatre principaux syndicats de la RATP, la CGT, FO, UNSA-Mobilit\u00e9 et la CFE-CGC, ont appel\u00e9 \u00e0 la gr\u00e8ve le 18\u00a0septembre dans un communiqu\u00e9 commun.<\/p>\n<p class=\"article__paragraph  \">Le syndicat La Base, majoritaire chez les conducteurs de RER, a de son c\u00f4t\u00e9 appel\u00e9 \u00e0 faire gr\u00e8ve le 10\u00a0septembre dans un communiqu\u00e9 partag\u00e9 sur sa page Facebook. Il n\u2019a pas pr\u00e9cis\u00e9 s\u2019il se joignait \u00e0 la mobilisation du 18\u00a0septembre.<\/p>\n<p>                                         Lire aussi |  Article r\u00e9serv\u00e9 \u00e0 nos abonn\u00e9s  <a href=\"https:\/\/www.lemonde.fr\/pixels\/article\/2025\/08\/06\/bloquons-tout-le-10-septembre-aux-origines-d-un-mouvement-viral-et-fourre-tout_6627156_4408996.html\" class=\"js-article-read-also catcher--favoris__link\" data-premium=\"1\" id=\"article-title-3433150\" rel=\"nofollow noopener\" target=\"_blank\">\u00ab\u00a0Bloquons tout\u00a0\u00bb, le 10\u00a0septembre\u00a0: aux origines d\u2019un mouvement viral dont personne ne sait quoi faire<\/a>    <\/p>\n<p>   Lire plus tard  <\/p>\n<p class=\"author__detail\">  Le Monde avec AFP  <\/p>\n<p>                  <a href=\"https:\/\/www.lemonde.fr\/syndication\/\" class=\"reuse__content\" title=\"R\u00e9utiliser ce contenu\" target=\"_blank\" rel=\"nofollow noopener\">R\u00e9utiliser ce contenu<\/a>      <\/p>\n","protected":false},"excerpt":{"rendered":"Un graffiti sur lequel on peut lire \u00ab\u00a0On bloque tout\u00a0\u00bb, en r\u00e9f\u00e9rence au mouvement de protestation en ligne&hellip;\n","protected":false},"author":2,"featured_media":363854,"comment_status":"","ping_status":"","sticky":false,"template":"","format":"standard","meta":{"footnotes":""},"categories":[6],"tags":[35,33,34,1011,27],"class_list":{"0":"post-363853","1":"post","2":"type-post","3":"status-publish","4":"format-standard","5":"has-post-thumbnail","7":"category-economie","8":"tag-business","9":"tag-economie","10":"tag-economy","11":"tag-fr","12":"tag-france"},"share_on_mastodon":{"url":"https:\/\/pubeurope.com\/@fr\/115141749361554134","error":""},"_links":{"self":[{"href":"https:\/\/www.europesays.com\/fr\/wp-json\/wp\/v2\/posts\/363853","targetHints":{"allow":["GET"]}}],"collection":[{"href":"https:\/\/www.europesays.com\/fr\/wp-json\/wp\/v2\/posts"}],"about":[{"href":"https:\/\/www.europesays.com\/fr\/wp-json\/wp\/v2\/types\/post"}],"author":[{"embeddable":true,"href":"https:\/\/www.europesays.com\/fr\/wp-json\/wp\/v2\/users\/2"}],"replies":[{"embeddable":true,"href":"https:\/\/www.europesays.com\/fr\/wp-json\/wp\/v2\/comments?post=363853"}],"version-history":[{"count":0,"href":"https:\/\/www.europesays.com\/fr\/wp-json\/wp\/v2\/posts\/363853\/revisions"}],"wp:featuredmedia":[{"embeddable":true,"href":"https:\/\/www.europesays.com\/fr\/wp-json\/wp\/v2\/media\/363854"}],"wp:attachment":[{"href":"https:\/\/www.europesays.com\/fr\/wp-json\/wp\/v2\/media?parent=363853"}],"wp:term":[{"taxonomy":"category","embeddable":true,"href":"https:\/\/www.europesays.com\/fr\/wp-json\/wp\/v2\/categories?post=363853"},{"taxonomy":"post_tag","embeddable":true,"href":"https:\/\/www.europesays.com\/fr\/wp-json\/wp\/v2\/tags?post=363853"}],"curies":[{"name":"wp","href":"https:\/\/api.w.org\/{rel}","templated":true}]}}